{"id":8452,"date":"2020-12-02T11:31:00","date_gmt":"2020-12-02T10:31:00","guid":{"rendered":"https:\/\/staging001.wp-ok.it\/r290-einheit-fuer-planzer-in-balerna\/"},"modified":"2025-03-31T10:56:06","modified_gmt":"2025-03-31T08:56:06","slug":"r290-einheit-fuer-planzer-in-balerna","status":"publish","type":"post","link":"https:\/\/riclima.ch\/de\/r290-einheit-fuer-planzer-in-balerna\/","title":{"rendered":"R290-Einheit f\u00fcr Planzer in Balerna"},"content":{"rendered":"\n<p>Der Trend zur Verwendung von Propan (ein nat\u00fcrliches K\u00e4ltemittel) macht sich auch im Kanton Tessin bemerkbar: Planzer hat sich k\u00fcrzlich f\u00fcr eine R290-W\u00e4rmepumpe f\u00fcr die Klimatisierung einer grossen Lagerhalle entschieden \u2013 eine der ersten Anlagen in unserem Kanton, die dieses K\u00e4ltemittel verwendet.<\/p>\n\n<p>Die Planung des Systems erfolgte durch das Ingenieurb\u00fcro Asmus und die Installation durch Bouygues E&amp;S InTec Switzerland SA.<\/p>\n\n<figure class=\"wp-block-image size-large\"><img fetchpriority=\"high\" decoding=\"async\" width=\"1024\" height=\"768\" src=\"https:\/\/riclima.ch\/wp-content\/uploads\/2021\/01\/ibsa2-e1611134758413-1024x768.jpg\" alt=\"\" class=\"wp-image-4145\" srcset=\"https:\/\/riclima.ch\/wp-content\/uploads\/2021\/01\/ibsa2-e1611134758413-1024x768.jpg 1024w, https:\/\/riclima.ch\/wp-content\/uploads\/2021\/01\/ibsa2-e1611134758413-300x225.jpg 300w, https:\/\/riclima.ch\/wp-content\/uploads\/2021\/01\/ibsa2-e1611134758413-768x576.jpg 768w, https:\/\/riclima.ch\/wp-content\/uploads\/2021\/01\/ibsa2-e1611134758413-1536x1152.jpg 1536w, https:\/\/riclima.ch\/wp-content\/uploads\/2021\/01\/ibsa2-e1611134758413.jpg 2016w\" sizes=\"(max-width: 1024px) 100vw, 1024px\" \/><\/figure>\n","protected":false},"excerpt":{"rendered":"<p>Der Trend zur Verwendung von Propan (ein nat\u00fcrliches K\u00e4ltemittel) macht sich auch im Kanton Tessin bemerkbar: Planzer hat sich k\u00fcrzlich f\u00fcr eine R290-W\u00e4rmepumpe f\u00fcr die Klimatisierung einer grossen Lagerhalle entschieden \u2013 eine der ersten Anlagen in unserem Kanton, die dieses K\u00e4ltemittel verwendet. Die Planung des Systems erfolgte durch das Ingenieurb\u00fcro Asmus und die Installation durch [&hellip;]<\/p>\n","protected":false},"author":2,"featured_media":7083,"comment_status":"open","ping_status":"open","sticky":false,"template":"","format":"standard","meta":{"_acf_changed":false,"footnotes":""},"categories":[78],"tags":[],"class_list":["post-8452","post","type-post","status-publish","format-standard","has-post-thumbnail","hentry","category-referenzen"],"acf":[],"yoast_head":"<!-- This site is optimized with the Yoast SEO plugin v27.4 - https:\/\/yoast.com\/product\/yoast-seo-wordpress\/ -->\n<title>R290-Einheit f\u00fcr Planzer in Balerna - Riclima<\/title>\n<meta name=\"robots\" content=\"index, follow, max-snippet:-1, max-image-preview:large, max-video-preview:-1\" \/>\n<link rel=\"canonical\" href=\"https:\/\/riclima.ch\/de\/r290-einheit-fuer-planzer-in-balerna\/\" \/>\n<meta property=\"og:locale\" content=\"de_DE\" \/>\n<meta property=\"og:type\" content=\"article\" \/>\n<meta property=\"og:title\" content=\"R290-Einheit f\u00fcr Planzer in Balerna - Riclima\" \/>\n<meta property=\"og:description\" content=\"Der Trend zur Verwendung von Propan (ein nat\u00fcrliches K\u00e4ltemittel) macht sich auch im Kanton Tessin bemerkbar: Planzer hat sich k\u00fcrzlich f\u00fcr eine R290-W\u00e4rmepumpe f\u00fcr die Klimatisierung einer grossen Lagerhalle entschieden \u2013 eine der ersten Anlagen in unserem Kanton, die dieses K\u00e4ltemittel verwendet. Die Planung des Systems erfolgte durch das Ingenieurb\u00fcro Asmus und die Installation durch [&hellip;]\" \/>\n<meta property=\"og:url\" content=\"https:\/\/riclima.ch\/de\/r290-einheit-fuer-planzer-in-balerna\/\" \/>\n<meta property=\"og:site_name\" content=\"Riclima\" \/>\n<meta property=\"article:published_time\" content=\"2020-12-02T10:31:00+00:00\" \/>\n<meta property=\"article:modified_time\" content=\"2025-03-31T08:56:06+00:00\" \/>\n<meta property=\"og:image\" content=\"https:\/\/riclima.ch\/wp-content\/uploads\/2020\/12\/Planzer-e1606904597555.jpg\" \/>\n\t<meta property=\"og:image:width\" content=\"1512\" \/>\n\t<meta property=\"og:image:height\" content=\"2016\" \/>\n\t<meta property=\"og:image:type\" content=\"image\/jpeg\" \/>\n<meta name=\"author\" content=\"Davidech\" \/>\n<script type=\"application\/ld+json\" class=\"yoast-schema-graph\">{\"@context\":\"https:\\\/\\\/schema.org\",\"@graph\":[{\"@type\":\"Article\",\"@id\":\"https:\\\/\\\/riclima.ch\\\/de\\\/r290-einheit-fuer-planzer-in-balerna\\\/#article\",\"isPartOf\":{\"@id\":\"https:\\\/\\\/riclima.ch\\\/de\\\/r290-einheit-fuer-planzer-in-balerna\\\/\"},\"author\":{\"name\":\"Davidech\",\"@id\":\"https:\\\/\\\/riclima.ch\\\/de\\\/#\\\/schema\\\/person\\\/1f17c4141d000200d0ec223caf9bb578\"},\"headline\":\"R290-Einheit f\u00fcr Planzer in Balerna\",\"datePublished\":\"2020-12-02T10:31:00+00:00\",\"dateModified\":\"2025-03-31T08:56:06+00:00\",\"mainEntityOfPage\":{\"@id\":\"https:\\\/\\\/riclima.ch\\\/de\\\/r290-einheit-fuer-planzer-in-balerna\\\/\"},\"wordCount\":77,\"commentCount\":0,\"image\":{\"@id\":\"https:\\\/\\\/riclima.ch\\\/de\\\/r290-einheit-fuer-planzer-in-balerna\\\/#primaryimage\"},\"thumbnailUrl\":\"https:\\\/\\\/riclima.ch\\\/wp-content\\\/uploads\\\/2020\\\/12\\\/Planzer-e1606904597555.jpg\",\"articleSection\":[\"Referenzen\"],\"inLanguage\":\"de\",\"potentialAction\":[{\"@type\":\"CommentAction\",\"name\":\"Comment\",\"target\":[\"https:\\\/\\\/riclima.ch\\\/de\\\/r290-einheit-fuer-planzer-in-balerna\\\/#respond\"]}]},{\"@type\":\"WebPage\",\"@id\":\"https:\\\/\\\/riclima.ch\\\/de\\\/r290-einheit-fuer-planzer-in-balerna\\\/\",\"url\":\"https:\\\/\\\/riclima.ch\\\/de\\\/r290-einheit-fuer-planzer-in-balerna\\\/\",\"name\":\"R290-Einheit f\u00fcr Planzer in Balerna - Riclima\",\"isPartOf\":{\"@id\":\"https:\\\/\\\/riclima.ch\\\/de\\\/#website\"},\"primaryImageOfPage\":{\"@id\":\"https:\\\/\\\/riclima.ch\\\/de\\\/r290-einheit-fuer-planzer-in-balerna\\\/#primaryimage\"},\"image\":{\"@id\":\"https:\\\/\\\/riclima.ch\\\/de\\\/r290-einheit-fuer-planzer-in-balerna\\\/#primaryimage\"},\"thumbnailUrl\":\"https:\\\/\\\/riclima.ch\\\/wp-content\\\/uploads\\\/2020\\\/12\\\/Planzer-e1606904597555.jpg\",\"datePublished\":\"2020-12-02T10:31:00+00:00\",\"dateModified\":\"2025-03-31T08:56:06+00:00\",\"author\":{\"@id\":\"https:\\\/\\\/riclima.ch\\\/de\\\/#\\\/schema\\\/person\\\/1f17c4141d000200d0ec223caf9bb578\"},\"breadcrumb\":{\"@id\":\"https:\\\/\\\/riclima.ch\\\/de\\\/r290-einheit-fuer-planzer-in-balerna\\\/#breadcrumb\"},\"inLanguage\":\"de\",\"potentialAction\":[{\"@type\":\"ReadAction\",\"target\":[\"https:\\\/\\\/riclima.ch\\\/de\\\/r290-einheit-fuer-planzer-in-balerna\\\/\"]}]},{\"@type\":\"ImageObject\",\"inLanguage\":\"de\",\"@id\":\"https:\\\/\\\/riclima.ch\\\/de\\\/r290-einheit-fuer-planzer-in-balerna\\\/#primaryimage\",\"url\":\"https:\\\/\\\/riclima.ch\\\/wp-content\\\/uploads\\\/2020\\\/12\\\/Planzer-e1606904597555.jpg\",\"contentUrl\":\"https:\\\/\\\/riclima.ch\\\/wp-content\\\/uploads\\\/2020\\\/12\\\/Planzer-e1606904597555.jpg\",\"width\":1512,\"height\":2016},{\"@type\":\"BreadcrumbList\",\"@id\":\"https:\\\/\\\/riclima.ch\\\/de\\\/r290-einheit-fuer-planzer-in-balerna\\\/#breadcrumb\",\"itemListElement\":[{\"@type\":\"ListItem\",\"position\":1,\"name\":\"Home\",\"item\":\"https:\\\/\\\/riclima.ch\\\/de\\\/\"},{\"@type\":\"ListItem\",\"position\":2,\"name\":\"R290-Einheit f\u00fcr Planzer in Balerna\"}]},{\"@type\":\"WebSite\",\"@id\":\"https:\\\/\\\/riclima.ch\\\/de\\\/#website\",\"url\":\"https:\\\/\\\/riclima.ch\\\/de\\\/\",\"name\":\"Riclima\",\"description\":\"\",\"potentialAction\":[{\"@type\":\"SearchAction\",\"target\":{\"@type\":\"EntryPoint\",\"urlTemplate\":\"https:\\\/\\\/riclima.ch\\\/de\\\/?s={search_term_string}\"},\"query-input\":{\"@type\":\"PropertyValueSpecification\",\"valueRequired\":true,\"valueName\":\"search_term_string\"}}],\"inLanguage\":\"de\"},{\"@type\":\"Person\",\"@id\":\"https:\\\/\\\/riclima.ch\\\/de\\\/#\\\/schema\\\/person\\\/1f17c4141d000200d0ec223caf9bb578\",\"name\":\"Davidech\",\"image\":{\"@type\":\"ImageObject\",\"inLanguage\":\"de\",\"@id\":\"https:\\\/\\\/secure.gravatar.com\\\/avatar\\\/82a9646b294d15eca13ed42f9d3328c3c0ddbab7bf38a14db82fd470e3f58209?s=96&d=mm&r=g\",\"url\":\"https:\\\/\\\/secure.gravatar.com\\\/avatar\\\/82a9646b294d15eca13ed42f9d3328c3c0ddbab7bf38a14db82fd470e3f58209?s=96&d=mm&r=g\",\"contentUrl\":\"https:\\\/\\\/secure.gravatar.com\\\/avatar\\\/82a9646b294d15eca13ed42f9d3328c3c0ddbab7bf38a14db82fd470e3f58209?s=96&d=mm&r=g\",\"caption\":\"Davidech\"},\"url\":\"https:\\\/\\\/riclima.ch\\\/de\\\/author\\\/davidech\\\/\"}]}<\/script>\n<!-- \/ Yoast SEO plugin. -->","yoast_head_json":{"title":"R290-Einheit f\u00fcr Planzer in Balerna - Riclima","robots":{"index":"index","follow":"follow","max-snippet":"max-snippet:-1","max-image-preview":"max-image-preview:large","max-video-preview":"max-video-preview:-1"},"canonical":"https:\/\/riclima.ch\/de\/r290-einheit-fuer-planzer-in-balerna\/","og_locale":"de_DE","og_type":"article","og_title":"R290-Einheit f\u00fcr Planzer in Balerna - Riclima","og_description":"Der Trend zur Verwendung von Propan (ein nat\u00fcrliches K\u00e4ltemittel) macht sich auch im Kanton Tessin bemerkbar: Planzer hat sich k\u00fcrzlich f\u00fcr eine R290-W\u00e4rmepumpe f\u00fcr die Klimatisierung einer grossen Lagerhalle entschieden \u2013 eine der ersten Anlagen in unserem Kanton, die dieses K\u00e4ltemittel verwendet. Die Planung des Systems erfolgte durch das Ingenieurb\u00fcro Asmus und die Installation durch [&hellip;]","og_url":"https:\/\/riclima.ch\/de\/r290-einheit-fuer-planzer-in-balerna\/","og_site_name":"Riclima","article_published_time":"2020-12-02T10:31:00+00:00","article_modified_time":"2025-03-31T08:56:06+00:00","og_image":[{"width":1512,"height":2016,"url":"https:\/\/riclima.ch\/wp-content\/uploads\/2020\/12\/Planzer-e1606904597555.jpg","type":"image\/jpeg"}],"author":"Davidech","schema":{"@context":"https:\/\/schema.org","@graph":[{"@type":"Article","@id":"https:\/\/riclima.ch\/de\/r290-einheit-fuer-planzer-in-balerna\/#article","isPartOf":{"@id":"https:\/\/riclima.ch\/de\/r290-einheit-fuer-planzer-in-balerna\/"},"author":{"name":"Davidech","@id":"https:\/\/riclima.ch\/de\/#\/schema\/person\/1f17c4141d000200d0ec223caf9bb578"},"headline":"R290-Einheit f\u00fcr Planzer in Balerna","datePublished":"2020-12-02T10:31:00+00:00","dateModified":"2025-03-31T08:56:06+00:00","mainEntityOfPage":{"@id":"https:\/\/riclima.ch\/de\/r290-einheit-fuer-planzer-in-balerna\/"},"wordCount":77,"commentCount":0,"image":{"@id":"https:\/\/riclima.ch\/de\/r290-einheit-fuer-planzer-in-balerna\/#primaryimage"},"thumbnailUrl":"https:\/\/riclima.ch\/wp-content\/uploads\/2020\/12\/Planzer-e1606904597555.jpg","articleSection":["Referenzen"],"inLanguage":"de","potentialAction":[{"@type":"CommentAction","name":"Comment","target":["https:\/\/riclima.ch\/de\/r290-einheit-fuer-planzer-in-balerna\/#respond"]}]},{"@type":"WebPage","@id":"https:\/\/riclima.ch\/de\/r290-einheit-fuer-planzer-in-balerna\/","url":"https:\/\/riclima.ch\/de\/r290-einheit-fuer-planzer-in-balerna\/","name":"R290-Einheit f\u00fcr Planzer in Balerna - Riclima","isPartOf":{"@id":"https:\/\/riclima.ch\/de\/#website"},"primaryImageOfPage":{"@id":"https:\/\/riclima.ch\/de\/r290-einheit-fuer-planzer-in-balerna\/#primaryimage"},"image":{"@id":"https:\/\/riclima.ch\/de\/r290-einheit-fuer-planzer-in-balerna\/#primaryimage"},"thumbnailUrl":"https:\/\/riclima.ch\/wp-content\/uploads\/2020\/12\/Planzer-e1606904597555.jpg","datePublished":"2020-12-02T10:31:00+00:00","dateModified":"2025-03-31T08:56:06+00:00","author":{"@id":"https:\/\/riclima.ch\/de\/#\/schema\/person\/1f17c4141d000200d0ec223caf9bb578"},"breadcrumb":{"@id":"https:\/\/riclima.ch\/de\/r290-einheit-fuer-planzer-in-balerna\/#breadcrumb"},"inLanguage":"de","potentialAction":[{"@type":"ReadAction","target":["https:\/\/riclima.ch\/de\/r290-einheit-fuer-planzer-in-balerna\/"]}]},{"@type":"ImageObject","inLanguage":"de","@id":"https:\/\/riclima.ch\/de\/r290-einheit-fuer-planzer-in-balerna\/#primaryimage","url":"https:\/\/riclima.ch\/wp-content\/uploads\/2020\/12\/Planzer-e1606904597555.jpg","contentUrl":"https:\/\/riclima.ch\/wp-content\/uploads\/2020\/12\/Planzer-e1606904597555.jpg","width":1512,"height":2016},{"@type":"BreadcrumbList","@id":"https:\/\/riclima.ch\/de\/r290-einheit-fuer-planzer-in-balerna\/#breadcrumb","itemListElement":[{"@type":"ListItem","position":1,"name":"Home","item":"https:\/\/riclima.ch\/de\/"},{"@type":"ListItem","position":2,"name":"R290-Einheit f\u00fcr Planzer in Balerna"}]},{"@type":"WebSite","@id":"https:\/\/riclima.ch\/de\/#website","url":"https:\/\/riclima.ch\/de\/","name":"Riclima","description":"","potentialAction":[{"@type":"SearchAction","target":{"@type":"EntryPoint","urlTemplate":"https:\/\/riclima.ch\/de\/?s={search_term_string}"},"query-input":{"@type":"PropertyValueSpecification","valueRequired":true,"valueName":"search_term_string"}}],"inLanguage":"de"},{"@type":"Person","@id":"https:\/\/riclima.ch\/de\/#\/schema\/person\/1f17c4141d000200d0ec223caf9bb578","name":"Davidech","image":{"@type":"ImageObject","inLanguage":"de","@id":"https:\/\/secure.gravatar.com\/avatar\/82a9646b294d15eca13ed42f9d3328c3c0ddbab7bf38a14db82fd470e3f58209?s=96&d=mm&r=g","url":"https:\/\/secure.gravatar.com\/avatar\/82a9646b294d15eca13ed42f9d3328c3c0ddbab7bf38a14db82fd470e3f58209?s=96&d=mm&r=g","contentUrl":"https:\/\/secure.gravatar.com\/avatar\/82a9646b294d15eca13ed42f9d3328c3c0ddbab7bf38a14db82fd470e3f58209?s=96&d=mm&r=g","caption":"Davidech"},"url":"https:\/\/riclima.ch\/de\/author\/davidech\/"}]}},"_links":{"self":[{"href":"https:\/\/riclima.ch\/de\/wp-json\/wp\/v2\/posts\/8452","targetHints":{"allow":["GET"]}}],"collection":[{"href":"https:\/\/riclima.ch\/de\/wp-json\/wp\/v2\/posts"}],"about":[{"href":"https:\/\/riclima.ch\/de\/wp-json\/wp\/v2\/types\/post"}],"author":[{"embeddable":true,"href":"https:\/\/riclima.ch\/de\/wp-json\/wp\/v2\/users\/2"}],"replies":[{"embeddable":true,"href":"https:\/\/riclima.ch\/de\/wp-json\/wp\/v2\/comments?post=8452"}],"version-history":[{"count":1,"href":"https:\/\/riclima.ch\/de\/wp-json\/wp\/v2\/posts\/8452\/revisions"}],"predecessor-version":[{"id":8453,"href":"https:\/\/riclima.ch\/de\/wp-json\/wp\/v2\/posts\/8452\/revisions\/8453"}],"wp:featuredmedia":[{"embeddable":true,"href":"https:\/\/riclima.ch\/de\/wp-json\/wp\/v2\/media\/7083"}],"wp:attachment":[{"href":"https:\/\/riclima.ch\/de\/wp-json\/wp\/v2\/media?parent=8452"}],"wp:term":[{"taxonomy":"category","embeddable":true,"href":"https:\/\/riclima.ch\/de\/wp-json\/wp\/v2\/categories?post=8452"},{"taxonomy":"post_tag","embeddable":true,"href":"https:\/\/riclima.ch\/de\/wp-json\/wp\/v2\/tags?post=8452"}],"curies":[{"name":"wp","href":"https:\/\/api.w.org\/{rel}","templated":true}]}}