{"id":8456,"date":"2020-06-17T18:50:00","date_gmt":"2020-06-17T16:50:00","guid":{"rendered":"https:\/\/staging001.wp-ok.it\/neue-anlagen-bei-soho-flordis-international-switzerland-sa\/"},"modified":"2025-03-31T12:03:29","modified_gmt":"2025-03-31T10:03:29","slug":"neue-anlagen-bei-soho-flordis-international-switzerland-sa","status":"publish","type":"post","link":"https:\/\/riclima.ch\/de\/neue-anlagen-bei-soho-flordis-international-switzerland-sa\/","title":{"rendered":"Neue Anlagen bei Soho Flordis International Switzerland SA"},"content":{"rendered":"\n<p>Ein bekanntes Pharmaunternehmen in der Region von Lugano ersetzte die Klimaanlagen zur K\u00fchlung der Lager- und Logistikbereiche.<\/p>\n\n<p>Ziel ist es, das pharmazeutische Material, das in einem gro\u00dfen mechanisierten Lager gelagert wird, auf der richtigen Temperatur zu halten, um die Kontinuit\u00e4t des Betriebs und die Redundanz zu gew\u00e4hrleisten und die Energieeffizienz erheblich zu verbessern.<\/p>\n\n<p>Nach sorgf\u00e4ltiger Planung entschied man sich f\u00fcr den Einbau von 4 Roof Top Clivet CSRN-XHE2 mit doppelter L\u00fcftungssektion f\u00fcr Umluft, Frischluft, Abluft und thermodynamische R\u00fcckgewinnung.<\/p>\n\n<p>Die Ger\u00e4te bieten eine ganzj\u00e4hrige Temperatur- und Feuchtigkeitskontrolle.<\/p>\n\n<p>Das Roof Top wirkt auf die gesamte W\u00e4rmelast, die durch die Au\u00dfenluft und die Raumlasten erzeugt wird. Die reversible W\u00e4rmepumpentechnologie ist auch f\u00fcr Anwendungen in kalten Klimazonen geeignet. Das Ger\u00e4t kann auch automatisch die relative Luftfeuchtigkeit in der bedienten Umgebung kontrollieren. Im K\u00fchlbetrieb kann die Entfeuchtungsfunktion durch die Nachheizeinrichtung mit Hei\u00dfgasr\u00fcckgewinnung und die Einstellung FREE-COOLING erg\u00e4nzt werden.<\/p>\n\n<p>Im Heizbetrieb erh\u00f6ht das Verdampferpaket die Feuchtigkeit der zugef\u00fchrten Luft, um die gew\u00fcnschte Temperatur im Raum zu halten.<\/p>\n\n<p>Die Logik der automatischen Lufterneuerung:<\/p>\n\n<ul class=\"wp-block-list\">\n<li>F\u00fchrt den Einschalt\u00fcbergang im vollen Umluftbetrieb durch, um seine Dauer zu verk\u00fcrzen und das Erreichen der Komfortbedingungen zu beschleunigen.<\/li>\n\n\n\n<li>Sobald die Betriebsbedingungen erreicht sind, arbeitet er mit einer festen Klappen\u00f6ffnung, entsprechend den vom Benutzer bevorzugten Einstellungen.<\/li>\n\n\n\n<li>F\u00fchrt das FREE-COOLING durch, sobald es die \u00e4u\u00dferen Bedingungen erlauben.<\/li>\n<\/ul>\n\n<p>Die Ger\u00e4te sind mit gro\u00dffl\u00e4chigen, verlustarmen G4-Effizienzfiltern im Behandlungsabschnitt ausgestattet.<\/p>\n\n<p>Als zweite Filterstufe gibt es die hocheffizienten F7-Filter.<\/p>\n\n<p>Wenn der Raum nur teilweise belegt ist, ist ein geringerer Luftaustausch ausreichend. Die Luftqualit\u00e4tssonde, die auf den CO2-Tracer anspricht, befindet sich auf dem R\u00fccklauf aus dem bedienten Raum und bestimmt automatisch die \u00d6ffnung der Au\u00dfenluftklappe, um die richtige Erneuerung zu dosieren und Verschwendung zu vermeiden. Ebenso ist die Sonde empfindlich gegen\u00fcber fl\u00fcchtigen organischen Verbindungen (VOC) und wirkt auch bei Auftreten von Formaldehyd (z. B. aus L\u00f6sungsmitteln, Deodorants, Klebstoffen, Farben, Reinigungsmitteln).<\/p>\n\n<p>Die Ger\u00e4te sind sehr energieeffizient, was durch den Einsatz von Invertern an den Ventilatoren und den schrittweisen Einsatz von 4 Verdichtern unterschiedlicher Gr\u00f6\u00dfe in 2 K\u00fchlkreisl\u00e4ufen erreicht wird, die eine au\u00dfergew\u00f6hnliche Modularit\u00e4t garantieren.<\/p>\n\n<p>Die W\u00e4rmeaustauschfl\u00e4che ist f\u00fcr den Betrieb bei voller Leistung ausgelegt. Bei Teillast werden einige Kompressoren automatisch abgeschaltet. In diesem Zustand haben die in Betrieb befindlichen Kompressoren eine viel gr\u00f6\u00dfere Oberfl\u00e4che. Dies f\u00fchrt zu einem R\u00fcckgang der Kondensationstemperatur und einem Anstieg der Verdampfungstemperatur. Dadurch verringert sich die von den Kompressoren aufgenommene Leistung im Verh\u00e4ltnis zum Aussto\u00df und erh\u00f6ht sich somit der Gesamtwirkungsgrad der Maschine.<\/p>\n\n<p>Der spezielle Laufradtyp der Ventilatoren bietet einen gr\u00f6\u00dferen Betriebsbereich als ein herk\u00f6mmlicher vorw\u00e4rtsgerichteter Ventilator. Bei Bedarf kann der Ventilator also einfach durch Ver\u00e4nderung der Drehzahl hohe F\u00f6rderh\u00f6hen erzeugen. Die genaue Auswuchtung und die selbstgeschmierten Lager sorgen f\u00fcr eine stabile Rotation auf Dauer. Das gesamte Bel\u00fcftungssystem, bestehend aus Laufrad und Motor, ist daher sehr vielseitig und effizient. Der Verbrauch ist um 30% niedriger als bei herk\u00f6mmlichen Ger\u00e4ten auf dem Markt, die die gleiche Leistung aufweisen.<\/p>\n\n<p>Der Zuluftvolumenstrom variiert je nach W\u00e4rmelast bis zu einem Mindestwert, der mit dem gew\u00e4hlten Luftverteilungs- und -diffusionssystem kompatibel ist.<\/p>\n\n<p>Die L\u00fcftung bleibt auch dann aktiv, wenn die Last befriedigt ist (Totzone).<\/p>\n\n<ul class=\"wp-block-list\">\n<li>Die Luftbewegung ist w\u00e4hrend des Betriebs der Dachger\u00e4te immer aktiv.<\/li>\n\n\n\n<li>Dies f\u00fchrt zu einem j\u00e4hrlichen Energieverbrauch, der mit dem von Kompressoren vergleichbar oder sogar h\u00f6her als dieser ist.<\/li>\n\n\n\n<li>Eine Verringerung des Volumenstroms um 20% f\u00fchrt zu einer 50%igen Einsparung der von den Ventilatoren aufgenommenen Energie.<\/li>\n\n\n\n<li>Bei einer Verringerung des Volumenstroms um 40% betr\u00e4gt die Einsparung bei der Bel\u00fcftung mehr als 70%.<\/li>\n\n\n\n<li>Der variable Luftdurchsatz kann daher zu einer Einsparung von 30% beim Gesamtstromverbrauch des Ger\u00e4ts f\u00fchren.<\/li>\n<\/ul>\n\n<p>Die Umgebungsdruckregelung vergleicht den Ansaugdruck mit dem Au\u00dfendruck und gleicht etwaige Abweichungen durch Einwirkung auf die Au\u00dfenluftklappe aus. Auf diese Weise h\u00e4lt das Ger\u00e4t die Umgebung auf dem vom Benutzer gew\u00fcnschten relativen Druck, wobei dieser zwischen \u00dcberdruck, Unterdruck oder Gleichdruck w\u00e4hlen kann.<\/p>\n\n<p>Sobald die \u00e4u\u00dferen Bedingungen es zulassen, kann das Ger\u00e4t automatisch den FREE-COOLING-Modus aktivieren, der die bediente Umgebung k\u00fchlt, indem die Kompressoren ausgeschaltet bleiben und entsprechend gefilterte Au\u00dfenluft zugef\u00fchrt wird. Diese Betriebsart ist besonders in der Zwischensaison und bei Anwendungen mit hohen Umgebungslasten sinnvoll, da sie sowohl den Energieverbrauch des Ger\u00e4ts als auch den Verschlei\u00df der Kompressoren deutlich reduziert. Um maximale Energieeinsparung zu erzielen, wird der FREE-COOLING-Modus auch dann aktiviert, wenn er nicht ausreicht, um die volle erforderliche Leistung zu liefern. In diesem Fall wird die Integrationsk\u00fchlleistung durch die Kompressork\u00fchlung erbracht. Bei reduzierter Last oder kalten Au\u00dfentemperaturen wird die K\u00fchlleistung im FREE-COOLING-Betrieb durch Modulation der Au\u00dfenluftklappe geregelt.<\/p>\n\n<p>Die Lufterneuerung in Geb\u00e4uden ist f\u00fcr die Kontrolle der Luftqualit\u00e4t und des Komforts unerl\u00e4sslich. Die Behandlung und Aufbereitung der Au\u00dfenluft verursachen zus\u00e4tzliche Kosten f\u00fcr den Bau der Anlage und den Energieverbrauch w\u00e4hrend ihrer Lebensdauer. Aus diesem Grund sind Energier\u00fcckgewinnungsanlagen f\u00fcr die Abluft weit verbreitet. F\u00fcr ihre Anwendung gelten die \u00f6rtlichen Vorschriften und Bestimmungen.<\/p>\n\n<p>Die Ger\u00e4te sind au\u00dferdem mit einer thermodynamischen Energier\u00fcckgewinnung an der Abluft unter Verwendung der Direktverdampfungs-K\u00e4ltemittelkreislauftechnologie ausgestattet. Das Ger\u00e4t ist mit einem elektronisch gesteuerten Ausblasventilator ausgestattet, der die auszublasende Luftmenge automatisch regelt. Der ausgesto\u00dfene Luftstrom wird dem externen Lamellenpaket-W\u00e4rmetauscher zugef\u00fchrt, der dadurch in seinem Betriebszyklus thermisch beg\u00fcnstigt wird. Die zur\u00fcckgewonnene Energie wird durch den Behandlungstauscher freigesetzt und dann direkt an die Zuluft abgegeben.<\/p>\n\n<p>Clivet nimmt am Eurovent-Zertifizierungsprogramm teil, einer auf europ\u00e4ischer Ebene anerkannten Einrichtung, die die Leistung von Klimaanlagen pr\u00fcft und bescheinigt. Eine zus\u00e4tzliche Garantie f\u00fcr den Kunden, denn die Eurovent-Tests best\u00e4tigen die Leistung des Produkts und erm\u00f6glichen eine genaue Analyse der Betriebskosten: \u201eTotal Life Cycle Cost\u201c. Die Eurovent-Pr\u00fcfungen werden in zertifizierten Pr\u00fcflabors durchgef\u00fchrt und richten sich nach den europ\u00e4ischen Normen f\u00fcr den jeweiligen Produkttyp. F\u00fcr die Leistungen von Dachanlagen gelten folgende Normen: EN 14511: \u201eLuftkonditionierer, Fl\u00fcssigkeitsk\u00fchls\u00e4tze und W\u00e4rmepumpen mit elektrisch angetriebenen Verdichtern f\u00fcr Raumheizung und -k\u00fchlung\u201c. EN 12102: \u201eLuftkonditionierer, Fl\u00fcssigkeitsk\u00fchls\u00e4tze, W\u00e4rmepumpen und Luftentfeuchter mit elektrisch angetriebenen Kompressoren, f\u00fcr die Raumheizung und Raumk\u00fchlung \u2013 Messung des Luftschalls \u2013 Bestimmung des Schallleistungspegels\u201c.<\/p>\n\n<p>Die Installation der Ger\u00e4te wurde von der Firma Tech-Insta durchgef\u00fchrt, die mit \u00e4u\u00dferster Professionalit\u00e4t die Kontinuit\u00e4t der Temperaturen in den R\u00e4umen auch w\u00e4hrend des Austauschs garantierte. Das Projekt und die Bauleitung wurden vom Ingenieurb\u00fcro Visani Rusconi Talleri SA durchgef\u00fchrt.<\/p>\n","protected":false},"excerpt":{"rendered":"<p>Ein bekanntes Pharmaunternehmen in der Region von Lugano ersetzte die Klimaanlagen zur K\u00fchlung der Lager- und Logistikbereiche. Ziel ist es, das pharmazeutische Material, das in einem gro\u00dfen mechanisierten Lager gelagert wird, auf der richtigen Temperatur zu halten, um die Kontinuit\u00e4t des Betriebs und die Redundanz zu gew\u00e4hrleisten und die Energieeffizienz erheblich zu verbessern. Nach sorgf\u00e4ltiger [&hellip;]<\/p>\n","protected":false},"author":2,"featured_media":7109,"comment_status":"open","ping_status":"open","sticky":false,"template":"","format":"standard","meta":{"_acf_changed":false,"footnotes":""},"categories":[78],"tags":[],"class_list":["post-8456","post","type-post","status-publish","format-standard","has-post-thumbnail","hentry","category-referenzen"],"acf":[],"yoast_head":"<!-- This site is optimized with the Yoast SEO plugin v27.4 - https:\/\/yoast.com\/product\/yoast-seo-wordpress\/ -->\n<title>Neue Anlagen bei Soho Flordis International Switzerland SA - Riclima<\/title>\n<meta name=\"robots\" content=\"index, follow, max-snippet:-1, max-image-preview:large, max-video-preview:-1\" \/>\n<link rel=\"canonical\" href=\"https:\/\/riclima.ch\/de\/neue-anlagen-bei-soho-flordis-international-switzerland-sa\/\" \/>\n<meta property=\"og:locale\" content=\"de_DE\" \/>\n<meta property=\"og:type\" content=\"article\" \/>\n<meta property=\"og:title\" content=\"Neue Anlagen bei Soho Flordis International Switzerland SA - Riclima\" \/>\n<meta property=\"og:description\" content=\"Ein bekanntes Pharmaunternehmen in der Region von Lugano ersetzte die Klimaanlagen zur K\u00fchlung der Lager- und Logistikbereiche. Ziel ist es, das pharmazeutische Material, das in einem gro\u00dfen mechanisierten Lager gelagert wird, auf der richtigen Temperatur zu halten, um die Kontinuit\u00e4t des Betriebs und die Redundanz zu gew\u00e4hrleisten und die Energieeffizienz erheblich zu verbessern. Nach sorgf\u00e4ltiger [&hellip;]\" \/>\n<meta property=\"og:url\" content=\"https:\/\/riclima.ch\/de\/neue-anlagen-bei-soho-flordis-international-switzerland-sa\/\" \/>\n<meta property=\"og:site_name\" content=\"Riclima\" \/>\n<meta property=\"article:published_time\" content=\"2020-06-17T16:50:00+00:00\" \/>\n<meta property=\"article:modified_time\" content=\"2025-03-31T10:03:29+00:00\" \/>\n<meta property=\"og:image\" content=\"https:\/\/riclima.ch\/wp-content\/uploads\/2021\/01\/sofo-floris-e1611078195759-scaled.jpg\" \/>\n\t<meta property=\"og:image:width\" content=\"2560\" \/>\n\t<meta property=\"og:image:height\" content=\"1920\" \/>\n\t<meta property=\"og:image:type\" content=\"image\/jpeg\" \/>\n<meta name=\"author\" content=\"Davidech\" \/>\n<script type=\"application\/ld+json\" class=\"yoast-schema-graph\">{\"@context\":\"https:\\\/\\\/schema.org\",\"@graph\":[{\"@type\":\"Article\",\"@id\":\"https:\\\/\\\/riclima.ch\\\/de\\\/neue-anlagen-bei-soho-flordis-international-switzerland-sa\\\/#article\",\"isPartOf\":{\"@id\":\"https:\\\/\\\/riclima.ch\\\/de\\\/neue-anlagen-bei-soho-flordis-international-switzerland-sa\\\/\"},\"author\":{\"name\":\"Davidech\",\"@id\":\"https:\\\/\\\/riclima.ch\\\/de\\\/#\\\/schema\\\/person\\\/1f17c4141d000200d0ec223caf9bb578\"},\"headline\":\"Neue Anlagen bei Soho Flordis International Switzerland SA\",\"datePublished\":\"2020-06-17T16:50:00+00:00\",\"dateModified\":\"2025-03-31T10:03:29+00:00\",\"mainEntityOfPage\":{\"@id\":\"https:\\\/\\\/riclima.ch\\\/de\\\/neue-anlagen-bei-soho-flordis-international-switzerland-sa\\\/\"},\"wordCount\":1134,\"commentCount\":0,\"image\":{\"@id\":\"https:\\\/\\\/riclima.ch\\\/de\\\/neue-anlagen-bei-soho-flordis-international-switzerland-sa\\\/#primaryimage\"},\"thumbnailUrl\":\"https:\\\/\\\/riclima.ch\\\/wp-content\\\/uploads\\\/2021\\\/01\\\/sofo-floris-e1611078195759-scaled.jpg\",\"articleSection\":[\"Referenzen\"],\"inLanguage\":\"de\",\"potentialAction\":[{\"@type\":\"CommentAction\",\"name\":\"Comment\",\"target\":[\"https:\\\/\\\/riclima.ch\\\/de\\\/neue-anlagen-bei-soho-flordis-international-switzerland-sa\\\/#respond\"]}]},{\"@type\":\"WebPage\",\"@id\":\"https:\\\/\\\/riclima.ch\\\/de\\\/neue-anlagen-bei-soho-flordis-international-switzerland-sa\\\/\",\"url\":\"https:\\\/\\\/riclima.ch\\\/de\\\/neue-anlagen-bei-soho-flordis-international-switzerland-sa\\\/\",\"name\":\"Neue Anlagen bei Soho Flordis International Switzerland SA - Riclima\",\"isPartOf\":{\"@id\":\"https:\\\/\\\/riclima.ch\\\/de\\\/#website\"},\"primaryImageOfPage\":{\"@id\":\"https:\\\/\\\/riclima.ch\\\/de\\\/neue-anlagen-bei-soho-flordis-international-switzerland-sa\\\/#primaryimage\"},\"image\":{\"@id\":\"https:\\\/\\\/riclima.ch\\\/de\\\/neue-anlagen-bei-soho-flordis-international-switzerland-sa\\\/#primaryimage\"},\"thumbnailUrl\":\"https:\\\/\\\/riclima.ch\\\/wp-content\\\/uploads\\\/2021\\\/01\\\/sofo-floris-e1611078195759-scaled.jpg\",\"datePublished\":\"2020-06-17T16:50:00+00:00\",\"dateModified\":\"2025-03-31T10:03:29+00:00\",\"author\":{\"@id\":\"https:\\\/\\\/riclima.ch\\\/de\\\/#\\\/schema\\\/person\\\/1f17c4141d000200d0ec223caf9bb578\"},\"breadcrumb\":{\"@id\":\"https:\\\/\\\/riclima.ch\\\/de\\\/neue-anlagen-bei-soho-flordis-international-switzerland-sa\\\/#breadcrumb\"},\"inLanguage\":\"de\",\"potentialAction\":[{\"@type\":\"ReadAction\",\"target\":[\"https:\\\/\\\/riclima.ch\\\/de\\\/neue-anlagen-bei-soho-flordis-international-switzerland-sa\\\/\"]}]},{\"@type\":\"ImageObject\",\"inLanguage\":\"de\",\"@id\":\"https:\\\/\\\/riclima.ch\\\/de\\\/neue-anlagen-bei-soho-flordis-international-switzerland-sa\\\/#primaryimage\",\"url\":\"https:\\\/\\\/riclima.ch\\\/wp-content\\\/uploads\\\/2021\\\/01\\\/sofo-floris-e1611078195759-scaled.jpg\",\"contentUrl\":\"https:\\\/\\\/riclima.ch\\\/wp-content\\\/uploads\\\/2021\\\/01\\\/sofo-floris-e1611078195759-scaled.jpg\",\"width\":2560,\"height\":1920},{\"@type\":\"BreadcrumbList\",\"@id\":\"https:\\\/\\\/riclima.ch\\\/de\\\/neue-anlagen-bei-soho-flordis-international-switzerland-sa\\\/#breadcrumb\",\"itemListElement\":[{\"@type\":\"ListItem\",\"position\":1,\"name\":\"Home\",\"item\":\"https:\\\/\\\/riclima.ch\\\/de\\\/\"},{\"@type\":\"ListItem\",\"position\":2,\"name\":\"Neue Anlagen bei Soho Flordis International Switzerland SA\"}]},{\"@type\":\"WebSite\",\"@id\":\"https:\\\/\\\/riclima.ch\\\/de\\\/#website\",\"url\":\"https:\\\/\\\/riclima.ch\\\/de\\\/\",\"name\":\"Riclima\",\"description\":\"\",\"potentialAction\":[{\"@type\":\"SearchAction\",\"target\":{\"@type\":\"EntryPoint\",\"urlTemplate\":\"https:\\\/\\\/riclima.ch\\\/de\\\/?s={search_term_string}\"},\"query-input\":{\"@type\":\"PropertyValueSpecification\",\"valueRequired\":true,\"valueName\":\"search_term_string\"}}],\"inLanguage\":\"de\"},{\"@type\":\"Person\",\"@id\":\"https:\\\/\\\/riclima.ch\\\/de\\\/#\\\/schema\\\/person\\\/1f17c4141d000200d0ec223caf9bb578\",\"name\":\"Davidech\",\"image\":{\"@type\":\"ImageObject\",\"inLanguage\":\"de\",\"@id\":\"https:\\\/\\\/secure.gravatar.com\\\/avatar\\\/82a9646b294d15eca13ed42f9d3328c3c0ddbab7bf38a14db82fd470e3f58209?s=96&d=mm&r=g\",\"url\":\"https:\\\/\\\/secure.gravatar.com\\\/avatar\\\/82a9646b294d15eca13ed42f9d3328c3c0ddbab7bf38a14db82fd470e3f58209?s=96&d=mm&r=g\",\"contentUrl\":\"https:\\\/\\\/secure.gravatar.com\\\/avatar\\\/82a9646b294d15eca13ed42f9d3328c3c0ddbab7bf38a14db82fd470e3f58209?s=96&d=mm&r=g\",\"caption\":\"Davidech\"},\"url\":\"https:\\\/\\\/riclima.ch\\\/de\\\/author\\\/davidech\\\/\"}]}<\/script>\n<!-- \/ Yoast SEO plugin. -->","yoast_head_json":{"title":"Neue Anlagen bei Soho Flordis International Switzerland SA - Riclima","robots":{"index":"index","follow":"follow","max-snippet":"max-snippet:-1","max-image-preview":"max-image-preview:large","max-video-preview":"max-video-preview:-1"},"canonical":"https:\/\/riclima.ch\/de\/neue-anlagen-bei-soho-flordis-international-switzerland-sa\/","og_locale":"de_DE","og_type":"article","og_title":"Neue Anlagen bei Soho Flordis International Switzerland SA - Riclima","og_description":"Ein bekanntes Pharmaunternehmen in der Region von Lugano ersetzte die Klimaanlagen zur K\u00fchlung der Lager- und Logistikbereiche. Ziel ist es, das pharmazeutische Material, das in einem gro\u00dfen mechanisierten Lager gelagert wird, auf der richtigen Temperatur zu halten, um die Kontinuit\u00e4t des Betriebs und die Redundanz zu gew\u00e4hrleisten und die Energieeffizienz erheblich zu verbessern. Nach sorgf\u00e4ltiger [&hellip;]","og_url":"https:\/\/riclima.ch\/de\/neue-anlagen-bei-soho-flordis-international-switzerland-sa\/","og_site_name":"Riclima","article_published_time":"2020-06-17T16:50:00+00:00","article_modified_time":"2025-03-31T10:03:29+00:00","og_image":[{"width":2560,"height":1920,"url":"https:\/\/riclima.ch\/wp-content\/uploads\/2021\/01\/sofo-floris-e1611078195759-scaled.jpg","type":"image\/jpeg"}],"author":"Davidech","schema":{"@context":"https:\/\/schema.org","@graph":[{"@type":"Article","@id":"https:\/\/riclima.ch\/de\/neue-anlagen-bei-soho-flordis-international-switzerland-sa\/#article","isPartOf":{"@id":"https:\/\/riclima.ch\/de\/neue-anlagen-bei-soho-flordis-international-switzerland-sa\/"},"author":{"name":"Davidech","@id":"https:\/\/riclima.ch\/de\/#\/schema\/person\/1f17c4141d000200d0ec223caf9bb578"},"headline":"Neue Anlagen bei Soho Flordis International Switzerland SA","datePublished":"2020-06-17T16:50:00+00:00","dateModified":"2025-03-31T10:03:29+00:00","mainEntityOfPage":{"@id":"https:\/\/riclima.ch\/de\/neue-anlagen-bei-soho-flordis-international-switzerland-sa\/"},"wordCount":1134,"commentCount":0,"image":{"@id":"https:\/\/riclima.ch\/de\/neue-anlagen-bei-soho-flordis-international-switzerland-sa\/#primaryimage"},"thumbnailUrl":"https:\/\/riclima.ch\/wp-content\/uploads\/2021\/01\/sofo-floris-e1611078195759-scaled.jpg","articleSection":["Referenzen"],"inLanguage":"de","potentialAction":[{"@type":"CommentAction","name":"Comment","target":["https:\/\/riclima.ch\/de\/neue-anlagen-bei-soho-flordis-international-switzerland-sa\/#respond"]}]},{"@type":"WebPage","@id":"https:\/\/riclima.ch\/de\/neue-anlagen-bei-soho-flordis-international-switzerland-sa\/","url":"https:\/\/riclima.ch\/de\/neue-anlagen-bei-soho-flordis-international-switzerland-sa\/","name":"Neue Anlagen bei Soho Flordis International Switzerland SA - Riclima","isPartOf":{"@id":"https:\/\/riclima.ch\/de\/#website"},"primaryImageOfPage":{"@id":"https:\/\/riclima.ch\/de\/neue-anlagen-bei-soho-flordis-international-switzerland-sa\/#primaryimage"},"image":{"@id":"https:\/\/riclima.ch\/de\/neue-anlagen-bei-soho-flordis-international-switzerland-sa\/#primaryimage"},"thumbnailUrl":"https:\/\/riclima.ch\/wp-content\/uploads\/2021\/01\/sofo-floris-e1611078195759-scaled.jpg","datePublished":"2020-06-17T16:50:00+00:00","dateModified":"2025-03-31T10:03:29+00:00","author":{"@id":"https:\/\/riclima.ch\/de\/#\/schema\/person\/1f17c4141d000200d0ec223caf9bb578"},"breadcrumb":{"@id":"https:\/\/riclima.ch\/de\/neue-anlagen-bei-soho-flordis-international-switzerland-sa\/#breadcrumb"},"inLanguage":"de","potentialAction":[{"@type":"ReadAction","target":["https:\/\/riclima.ch\/de\/neue-anlagen-bei-soho-flordis-international-switzerland-sa\/"]}]},{"@type":"ImageObject","inLanguage":"de","@id":"https:\/\/riclima.ch\/de\/neue-anlagen-bei-soho-flordis-international-switzerland-sa\/#primaryimage","url":"https:\/\/riclima.ch\/wp-content\/uploads\/2021\/01\/sofo-floris-e1611078195759-scaled.jpg","contentUrl":"https:\/\/riclima.ch\/wp-content\/uploads\/2021\/01\/sofo-floris-e1611078195759-scaled.jpg","width":2560,"height":1920},{"@type":"BreadcrumbList","@id":"https:\/\/riclima.ch\/de\/neue-anlagen-bei-soho-flordis-international-switzerland-sa\/#breadcrumb","itemListElement":[{"@type":"ListItem","position":1,"name":"Home","item":"https:\/\/riclima.ch\/de\/"},{"@type":"ListItem","position":2,"name":"Neue Anlagen bei Soho Flordis International Switzerland SA"}]},{"@type":"WebSite","@id":"https:\/\/riclima.ch\/de\/#website","url":"https:\/\/riclima.ch\/de\/","name":"Riclima","description":"","potentialAction":[{"@type":"SearchAction","target":{"@type":"EntryPoint","urlTemplate":"https:\/\/riclima.ch\/de\/?s={search_term_string}"},"query-input":{"@type":"PropertyValueSpecification","valueRequired":true,"valueName":"search_term_string"}}],"inLanguage":"de"},{"@type":"Person","@id":"https:\/\/riclima.ch\/de\/#\/schema\/person\/1f17c4141d000200d0ec223caf9bb578","name":"Davidech","image":{"@type":"ImageObject","inLanguage":"de","@id":"https:\/\/secure.gravatar.com\/avatar\/82a9646b294d15eca13ed42f9d3328c3c0ddbab7bf38a14db82fd470e3f58209?s=96&d=mm&r=g","url":"https:\/\/secure.gravatar.com\/avatar\/82a9646b294d15eca13ed42f9d3328c3c0ddbab7bf38a14db82fd470e3f58209?s=96&d=mm&r=g","contentUrl":"https:\/\/secure.gravatar.com\/avatar\/82a9646b294d15eca13ed42f9d3328c3c0ddbab7bf38a14db82fd470e3f58209?s=96&d=mm&r=g","caption":"Davidech"},"url":"https:\/\/riclima.ch\/de\/author\/davidech\/"}]}},"_links":{"self":[{"href":"https:\/\/riclima.ch\/de\/wp-json\/wp\/v2\/posts\/8456","targetHints":{"allow":["GET"]}}],"collection":[{"href":"https:\/\/riclima.ch\/de\/wp-json\/wp\/v2\/posts"}],"about":[{"href":"https:\/\/riclima.ch\/de\/wp-json\/wp\/v2\/types\/post"}],"author":[{"embeddable":true,"href":"https:\/\/riclima.ch\/de\/wp-json\/wp\/v2\/users\/2"}],"replies":[{"embeddable":true,"href":"https:\/\/riclima.ch\/de\/wp-json\/wp\/v2\/comments?post=8456"}],"version-history":[{"count":1,"href":"https:\/\/riclima.ch\/de\/wp-json\/wp\/v2\/posts\/8456\/revisions"}],"predecessor-version":[{"id":8457,"href":"https:\/\/riclima.ch\/de\/wp-json\/wp\/v2\/posts\/8456\/revisions\/8457"}],"wp:featuredmedia":[{"embeddable":true,"href":"https:\/\/riclima.ch\/de\/wp-json\/wp\/v2\/media\/7109"}],"wp:attachment":[{"href":"https:\/\/riclima.ch\/de\/wp-json\/wp\/v2\/media?parent=8456"}],"wp:term":[{"taxonomy":"category","embeddable":true,"href":"https:\/\/riclima.ch\/de\/wp-json\/wp\/v2\/categories?post=8456"},{"taxonomy":"post_tag","embeddable":true,"href":"https:\/\/riclima.ch\/de\/wp-json\/wp\/v2\/tags?post=8456"}],"curies":[{"name":"wp","href":"https:\/\/api.w.org\/{rel}","templated":true}]}}