{"id":8460,"date":"2020-02-07T11:12:00","date_gmt":"2020-02-07T10:12:00","guid":{"rendered":"https:\/\/staging001.wp-ok.it\/r32-vollinverter-waermepumpe-der-neuesten-generation-fuer-ein-industriegebaeude-in-cadempino\/"},"modified":"2025-03-31T12:08:13","modified_gmt":"2025-03-31T10:08:13","slug":"r32-vollinverter-waermepumpe-der-neuesten-generation-fuer-ein-industriegebaeude-in-cadempino","status":"publish","type":"post","link":"https:\/\/riclima.ch\/de\/r32-vollinverter-waermepumpe-der-neuesten-generation-fuer-ein-industriegebaeude-in-cadempino\/","title":{"rendered":"R32-Vollinverter-W\u00e4rmepumpe der neuesten Generation f\u00fcr ein Industriegeb\u00e4ude in Cadempino"},"content":{"rendered":"\n<p>Riclima lieferte eine W\u00e4rmepumpe der neusten Generation f\u00fcr ein Industriegeb\u00e4ude in Cadempino, dem Sitz von New Lan SA. Dies ist ein besonders neues und interessantes Produkt: der Sheen WSAN-Ysi 16.2.<\/p>\n\n<p>Dieses von Clivet in den Midea-Werken hergestellte Ger\u00e4t verwendet das neue K\u00e4ltemittel R32 mit extrem niedrigem GWP-Wert (eine Premiere in der italienischen Schweiz f\u00fcr eine W\u00e4rmepumpe).<\/p>\n\n<p>Dieses Ger\u00e4t mit Wechselrichter sowohl f\u00fcr die Kompressoren als auch f\u00fcr die Ventilatoren bietet ein konkurrenzloses Preis-Leistungs-Verh\u00e4ltnis.<\/p>\n","protected":false},"excerpt":{"rendered":"<p>Riclima lieferte eine W\u00e4rmepumpe der neusten Generation f\u00fcr ein Industriegeb\u00e4ude in Cadempino, dem Sitz von New Lan SA. Dies ist ein besonders neues und interessantes Produkt: der Sheen WSAN-Ysi 16.2. Dieses von Clivet in den Midea-Werken hergestellte Ger\u00e4t verwendet das neue K\u00e4ltemittel R32 mit extrem niedrigem GWP-Wert (eine Premiere in der italienischen Schweiz f\u00fcr eine [&hellip;]<\/p>\n","protected":false},"author":2,"featured_media":6823,"comment_status":"open","ping_status":"open","sticky":false,"template":"","format":"standard","meta":{"_acf_changed":false,"footnotes":""},"categories":[78],"tags":[],"class_list":["post-8460","post","type-post","status-publish","format-standard","has-post-thumbnail","hentry","category-referenzen"],"acf":[],"yoast_head":"<!-- This site is optimized with the Yoast SEO plugin v27.4 - https:\/\/yoast.com\/product\/yoast-seo-wordpress\/ -->\n<title>R32-Vollinverter-W\u00e4rmepumpe der neuesten Generation f\u00fcr ein Industriegeb\u00e4ude in Cadempino - Riclima<\/title>\n<meta name=\"robots\" content=\"index, follow, max-snippet:-1, max-image-preview:large, max-video-preview:-1\" \/>\n<link rel=\"canonical\" href=\"https:\/\/riclima.ch\/de\/r32-vollinverter-waermepumpe-der-neuesten-generation-fuer-ein-industriegebaeude-in-cadempino\/\" \/>\n<meta property=\"og:locale\" content=\"de_DE\" \/>\n<meta property=\"og:type\" content=\"article\" \/>\n<meta property=\"og:title\" content=\"R32-Vollinverter-W\u00e4rmepumpe der neuesten Generation f\u00fcr ein Industriegeb\u00e4ude in Cadempino - Riclima\" \/>\n<meta property=\"og:description\" content=\"Riclima lieferte eine W\u00e4rmepumpe der neusten Generation f\u00fcr ein Industriegeb\u00e4ude in Cadempino, dem Sitz von New Lan SA. Dies ist ein besonders neues und interessantes Produkt: der Sheen WSAN-Ysi 16.2. Dieses von Clivet in den Midea-Werken hergestellte Ger\u00e4t verwendet das neue K\u00e4ltemittel R32 mit extrem niedrigem GWP-Wert (eine Premiere in der italienischen Schweiz f\u00fcr eine [&hellip;]\" \/>\n<meta property=\"og:url\" content=\"https:\/\/riclima.ch\/de\/r32-vollinverter-waermepumpe-der-neuesten-generation-fuer-ein-industriegebaeude-in-cadempino\/\" \/>\n<meta property=\"og:site_name\" content=\"Riclima\" \/>\n<meta property=\"article:published_time\" content=\"2020-02-07T10:12:00+00:00\" \/>\n<meta property=\"article:modified_time\" content=\"2025-03-31T10:08:13+00:00\" \/>\n<meta property=\"og:image\" content=\"https:\/\/riclima.ch\/wp-content\/uploads\/2020\/02\/New-lan-e1581071479151.jpg\" \/>\n\t<meta property=\"og:image:width\" content=\"1512\" \/>\n\t<meta property=\"og:image:height\" content=\"2016\" \/>\n\t<meta property=\"og:image:type\" content=\"image\/jpeg\" \/>\n<meta name=\"author\" content=\"Davidech\" \/>\n<script type=\"application\/ld+json\" class=\"yoast-schema-graph\">{\"@context\":\"https:\\\/\\\/schema.org\",\"@graph\":[{\"@type\":\"Article\",\"@id\":\"https:\\\/\\\/riclima.ch\\\/de\\\/r32-vollinverter-waermepumpe-der-neuesten-generation-fuer-ein-industriegebaeude-in-cadempino\\\/#article\",\"isPartOf\":{\"@id\":\"https:\\\/\\\/riclima.ch\\\/de\\\/r32-vollinverter-waermepumpe-der-neuesten-generation-fuer-ein-industriegebaeude-in-cadempino\\\/\"},\"author\":{\"name\":\"Davidech\",\"@id\":\"https:\\\/\\\/riclima.ch\\\/de\\\/#\\\/schema\\\/person\\\/1f17c4141d000200d0ec223caf9bb578\"},\"headline\":\"R32-Vollinverter-W\u00e4rmepumpe der neuesten Generation f\u00fcr ein Industriegeb\u00e4ude in Cadempino\",\"datePublished\":\"2020-02-07T10:12:00+00:00\",\"dateModified\":\"2025-03-31T10:08:13+00:00\",\"mainEntityOfPage\":{\"@id\":\"https:\\\/\\\/riclima.ch\\\/de\\\/r32-vollinverter-waermepumpe-der-neuesten-generation-fuer-ein-industriegebaeude-in-cadempino\\\/\"},\"wordCount\":96,\"commentCount\":0,\"image\":{\"@id\":\"https:\\\/\\\/riclima.ch\\\/de\\\/r32-vollinverter-waermepumpe-der-neuesten-generation-fuer-ein-industriegebaeude-in-cadempino\\\/#primaryimage\"},\"thumbnailUrl\":\"https:\\\/\\\/riclima.ch\\\/wp-content\\\/uploads\\\/2020\\\/02\\\/New-lan-e1581071479151.jpg\",\"articleSection\":[\"Referenzen\"],\"inLanguage\":\"de\",\"potentialAction\":[{\"@type\":\"CommentAction\",\"name\":\"Comment\",\"target\":[\"https:\\\/\\\/riclima.ch\\\/de\\\/r32-vollinverter-waermepumpe-der-neuesten-generation-fuer-ein-industriegebaeude-in-cadempino\\\/#respond\"]}]},{\"@type\":\"WebPage\",\"@id\":\"https:\\\/\\\/riclima.ch\\\/de\\\/r32-vollinverter-waermepumpe-der-neuesten-generation-fuer-ein-industriegebaeude-in-cadempino\\\/\",\"url\":\"https:\\\/\\\/riclima.ch\\\/de\\\/r32-vollinverter-waermepumpe-der-neuesten-generation-fuer-ein-industriegebaeude-in-cadempino\\\/\",\"name\":\"R32-Vollinverter-W\u00e4rmepumpe der neuesten Generation f\u00fcr ein Industriegeb\u00e4ude in Cadempino - Riclima\",\"isPartOf\":{\"@id\":\"https:\\\/\\\/riclima.ch\\\/de\\\/#website\"},\"primaryImageOfPage\":{\"@id\":\"https:\\\/\\\/riclima.ch\\\/de\\\/r32-vollinverter-waermepumpe-der-neuesten-generation-fuer-ein-industriegebaeude-in-cadempino\\\/#primaryimage\"},\"image\":{\"@id\":\"https:\\\/\\\/riclima.ch\\\/de\\\/r32-vollinverter-waermepumpe-der-neuesten-generation-fuer-ein-industriegebaeude-in-cadempino\\\/#primaryimage\"},\"thumbnailUrl\":\"https:\\\/\\\/riclima.ch\\\/wp-content\\\/uploads\\\/2020\\\/02\\\/New-lan-e1581071479151.jpg\",\"datePublished\":\"2020-02-07T10:12:00+00:00\",\"dateModified\":\"2025-03-31T10:08:13+00:00\",\"author\":{\"@id\":\"https:\\\/\\\/riclima.ch\\\/de\\\/#\\\/schema\\\/person\\\/1f17c4141d000200d0ec223caf9bb578\"},\"breadcrumb\":{\"@id\":\"https:\\\/\\\/riclima.ch\\\/de\\\/r32-vollinverter-waermepumpe-der-neuesten-generation-fuer-ein-industriegebaeude-in-cadempino\\\/#breadcrumb\"},\"inLanguage\":\"de\",\"potentialAction\":[{\"@type\":\"ReadAction\",\"target\":[\"https:\\\/\\\/riclima.ch\\\/de\\\/r32-vollinverter-waermepumpe-der-neuesten-generation-fuer-ein-industriegebaeude-in-cadempino\\\/\"]}]},{\"@type\":\"ImageObject\",\"inLanguage\":\"de\",\"@id\":\"https:\\\/\\\/riclima.ch\\\/de\\\/r32-vollinverter-waermepumpe-der-neuesten-generation-fuer-ein-industriegebaeude-in-cadempino\\\/#primaryimage\",\"url\":\"https:\\\/\\\/riclima.ch\\\/wp-content\\\/uploads\\\/2020\\\/02\\\/New-lan-e1581071479151.jpg\",\"contentUrl\":\"https:\\\/\\\/riclima.ch\\\/wp-content\\\/uploads\\\/2020\\\/02\\\/New-lan-e1581071479151.jpg\",\"width\":1512,\"height\":2016},{\"@type\":\"BreadcrumbList\",\"@id\":\"https:\\\/\\\/riclima.ch\\\/de\\\/r32-vollinverter-waermepumpe-der-neuesten-generation-fuer-ein-industriegebaeude-in-cadempino\\\/#breadcrumb\",\"itemListElement\":[{\"@type\":\"ListItem\",\"position\":1,\"name\":\"Home\",\"item\":\"https:\\\/\\\/riclima.ch\\\/de\\\/\"},{\"@type\":\"ListItem\",\"position\":2,\"name\":\"R32-Vollinverter-W\u00e4rmepumpe der neuesten Generation f\u00fcr ein Industriegeb\u00e4ude in Cadempino\"}]},{\"@type\":\"WebSite\",\"@id\":\"https:\\\/\\\/riclima.ch\\\/de\\\/#website\",\"url\":\"https:\\\/\\\/riclima.ch\\\/de\\\/\",\"name\":\"Riclima\",\"description\":\"\",\"potentialAction\":[{\"@type\":\"SearchAction\",\"target\":{\"@type\":\"EntryPoint\",\"urlTemplate\":\"https:\\\/\\\/riclima.ch\\\/de\\\/?s={search_term_string}\"},\"query-input\":{\"@type\":\"PropertyValueSpecification\",\"valueRequired\":true,\"valueName\":\"search_term_string\"}}],\"inLanguage\":\"de\"},{\"@type\":\"Person\",\"@id\":\"https:\\\/\\\/riclima.ch\\\/de\\\/#\\\/schema\\\/person\\\/1f17c4141d000200d0ec223caf9bb578\",\"name\":\"Davidech\",\"image\":{\"@type\":\"ImageObject\",\"inLanguage\":\"de\",\"@id\":\"https:\\\/\\\/secure.gravatar.com\\\/avatar\\\/82a9646b294d15eca13ed42f9d3328c3c0ddbab7bf38a14db82fd470e3f58209?s=96&d=mm&r=g\",\"url\":\"https:\\\/\\\/secure.gravatar.com\\\/avatar\\\/82a9646b294d15eca13ed42f9d3328c3c0ddbab7bf38a14db82fd470e3f58209?s=96&d=mm&r=g\",\"contentUrl\":\"https:\\\/\\\/secure.gravatar.com\\\/avatar\\\/82a9646b294d15eca13ed42f9d3328c3c0ddbab7bf38a14db82fd470e3f58209?s=96&d=mm&r=g\",\"caption\":\"Davidech\"},\"url\":\"https:\\\/\\\/riclima.ch\\\/de\\\/author\\\/davidech\\\/\"}]}<\/script>\n<!-- \/ Yoast SEO plugin. -->","yoast_head_json":{"title":"R32-Vollinverter-W\u00e4rmepumpe der neuesten Generation f\u00fcr ein Industriegeb\u00e4ude in Cadempino - Riclima","robots":{"index":"index","follow":"follow","max-snippet":"max-snippet:-1","max-image-preview":"max-image-preview:large","max-video-preview":"max-video-preview:-1"},"canonical":"https:\/\/riclima.ch\/de\/r32-vollinverter-waermepumpe-der-neuesten-generation-fuer-ein-industriegebaeude-in-cadempino\/","og_locale":"de_DE","og_type":"article","og_title":"R32-Vollinverter-W\u00e4rmepumpe der neuesten Generation f\u00fcr ein Industriegeb\u00e4ude in Cadempino - Riclima","og_description":"Riclima lieferte eine W\u00e4rmepumpe der neusten Generation f\u00fcr ein Industriegeb\u00e4ude in Cadempino, dem Sitz von New Lan SA. Dies ist ein besonders neues und interessantes Produkt: der Sheen WSAN-Ysi 16.2. Dieses von Clivet in den Midea-Werken hergestellte Ger\u00e4t verwendet das neue K\u00e4ltemittel R32 mit extrem niedrigem GWP-Wert (eine Premiere in der italienischen Schweiz f\u00fcr eine [&hellip;]","og_url":"https:\/\/riclima.ch\/de\/r32-vollinverter-waermepumpe-der-neuesten-generation-fuer-ein-industriegebaeude-in-cadempino\/","og_site_name":"Riclima","article_published_time":"2020-02-07T10:12:00+00:00","article_modified_time":"2025-03-31T10:08:13+00:00","og_image":[{"width":1512,"height":2016,"url":"https:\/\/riclima.ch\/wp-content\/uploads\/2020\/02\/New-lan-e1581071479151.jpg","type":"image\/jpeg"}],"author":"Davidech","schema":{"@context":"https:\/\/schema.org","@graph":[{"@type":"Article","@id":"https:\/\/riclima.ch\/de\/r32-vollinverter-waermepumpe-der-neuesten-generation-fuer-ein-industriegebaeude-in-cadempino\/#article","isPartOf":{"@id":"https:\/\/riclima.ch\/de\/r32-vollinverter-waermepumpe-der-neuesten-generation-fuer-ein-industriegebaeude-in-cadempino\/"},"author":{"name":"Davidech","@id":"https:\/\/riclima.ch\/de\/#\/schema\/person\/1f17c4141d000200d0ec223caf9bb578"},"headline":"R32-Vollinverter-W\u00e4rmepumpe der neuesten Generation f\u00fcr ein Industriegeb\u00e4ude in Cadempino","datePublished":"2020-02-07T10:12:00+00:00","dateModified":"2025-03-31T10:08:13+00:00","mainEntityOfPage":{"@id":"https:\/\/riclima.ch\/de\/r32-vollinverter-waermepumpe-der-neuesten-generation-fuer-ein-industriegebaeude-in-cadempino\/"},"wordCount":96,"commentCount":0,"image":{"@id":"https:\/\/riclima.ch\/de\/r32-vollinverter-waermepumpe-der-neuesten-generation-fuer-ein-industriegebaeude-in-cadempino\/#primaryimage"},"thumbnailUrl":"https:\/\/riclima.ch\/wp-content\/uploads\/2020\/02\/New-lan-e1581071479151.jpg","articleSection":["Referenzen"],"inLanguage":"de","potentialAction":[{"@type":"CommentAction","name":"Comment","target":["https:\/\/riclima.ch\/de\/r32-vollinverter-waermepumpe-der-neuesten-generation-fuer-ein-industriegebaeude-in-cadempino\/#respond"]}]},{"@type":"WebPage","@id":"https:\/\/riclima.ch\/de\/r32-vollinverter-waermepumpe-der-neuesten-generation-fuer-ein-industriegebaeude-in-cadempino\/","url":"https:\/\/riclima.ch\/de\/r32-vollinverter-waermepumpe-der-neuesten-generation-fuer-ein-industriegebaeude-in-cadempino\/","name":"R32-Vollinverter-W\u00e4rmepumpe der neuesten Generation f\u00fcr ein Industriegeb\u00e4ude in Cadempino - Riclima","isPartOf":{"@id":"https:\/\/riclima.ch\/de\/#website"},"primaryImageOfPage":{"@id":"https:\/\/riclima.ch\/de\/r32-vollinverter-waermepumpe-der-neuesten-generation-fuer-ein-industriegebaeude-in-cadempino\/#primaryimage"},"image":{"@id":"https:\/\/riclima.ch\/de\/r32-vollinverter-waermepumpe-der-neuesten-generation-fuer-ein-industriegebaeude-in-cadempino\/#primaryimage"},"thumbnailUrl":"https:\/\/riclima.ch\/wp-content\/uploads\/2020\/02\/New-lan-e1581071479151.jpg","datePublished":"2020-02-07T10:12:00+00:00","dateModified":"2025-03-31T10:08:13+00:00","author":{"@id":"https:\/\/riclima.ch\/de\/#\/schema\/person\/1f17c4141d000200d0ec223caf9bb578"},"breadcrumb":{"@id":"https:\/\/riclima.ch\/de\/r32-vollinverter-waermepumpe-der-neuesten-generation-fuer-ein-industriegebaeude-in-cadempino\/#breadcrumb"},"inLanguage":"de","potentialAction":[{"@type":"ReadAction","target":["https:\/\/riclima.ch\/de\/r32-vollinverter-waermepumpe-der-neuesten-generation-fuer-ein-industriegebaeude-in-cadempino\/"]}]},{"@type":"ImageObject","inLanguage":"de","@id":"https:\/\/riclima.ch\/de\/r32-vollinverter-waermepumpe-der-neuesten-generation-fuer-ein-industriegebaeude-in-cadempino\/#primaryimage","url":"https:\/\/riclima.ch\/wp-content\/uploads\/2020\/02\/New-lan-e1581071479151.jpg","contentUrl":"https:\/\/riclima.ch\/wp-content\/uploads\/2020\/02\/New-lan-e1581071479151.jpg","width":1512,"height":2016},{"@type":"BreadcrumbList","@id":"https:\/\/riclima.ch\/de\/r32-vollinverter-waermepumpe-der-neuesten-generation-fuer-ein-industriegebaeude-in-cadempino\/#breadcrumb","itemListElement":[{"@type":"ListItem","position":1,"name":"Home","item":"https:\/\/riclima.ch\/de\/"},{"@type":"ListItem","position":2,"name":"R32-Vollinverter-W\u00e4rmepumpe der neuesten Generation f\u00fcr ein Industriegeb\u00e4ude in Cadempino"}]},{"@type":"WebSite","@id":"https:\/\/riclima.ch\/de\/#website","url":"https:\/\/riclima.ch\/de\/","name":"Riclima","description":"","potentialAction":[{"@type":"SearchAction","target":{"@type":"EntryPoint","urlTemplate":"https:\/\/riclima.ch\/de\/?s={search_term_string}"},"query-input":{"@type":"PropertyValueSpecification","valueRequired":true,"valueName":"search_term_string"}}],"inLanguage":"de"},{"@type":"Person","@id":"https:\/\/riclima.ch\/de\/#\/schema\/person\/1f17c4141d000200d0ec223caf9bb578","name":"Davidech","image":{"@type":"ImageObject","inLanguage":"de","@id":"https:\/\/secure.gravatar.com\/avatar\/82a9646b294d15eca13ed42f9d3328c3c0ddbab7bf38a14db82fd470e3f58209?s=96&d=mm&r=g","url":"https:\/\/secure.gravatar.com\/avatar\/82a9646b294d15eca13ed42f9d3328c3c0ddbab7bf38a14db82fd470e3f58209?s=96&d=mm&r=g","contentUrl":"https:\/\/secure.gravatar.com\/avatar\/82a9646b294d15eca13ed42f9d3328c3c0ddbab7bf38a14db82fd470e3f58209?s=96&d=mm&r=g","caption":"Davidech"},"url":"https:\/\/riclima.ch\/de\/author\/davidech\/"}]}},"_links":{"self":[{"href":"https:\/\/riclima.ch\/de\/wp-json\/wp\/v2\/posts\/8460","targetHints":{"allow":["GET"]}}],"collection":[{"href":"https:\/\/riclima.ch\/de\/wp-json\/wp\/v2\/posts"}],"about":[{"href":"https:\/\/riclima.ch\/de\/wp-json\/wp\/v2\/types\/post"}],"author":[{"embeddable":true,"href":"https:\/\/riclima.ch\/de\/wp-json\/wp\/v2\/users\/2"}],"replies":[{"embeddable":true,"href":"https:\/\/riclima.ch\/de\/wp-json\/wp\/v2\/comments?post=8460"}],"version-history":[{"count":1,"href":"https:\/\/riclima.ch\/de\/wp-json\/wp\/v2\/posts\/8460\/revisions"}],"predecessor-version":[{"id":8461,"href":"https:\/\/riclima.ch\/de\/wp-json\/wp\/v2\/posts\/8460\/revisions\/8461"}],"wp:featuredmedia":[{"embeddable":true,"href":"https:\/\/riclima.ch\/de\/wp-json\/wp\/v2\/media\/6823"}],"wp:attachment":[{"href":"https:\/\/riclima.ch\/de\/wp-json\/wp\/v2\/media?parent=8460"}],"wp:term":[{"taxonomy":"category","embeddable":true,"href":"https:\/\/riclima.ch\/de\/wp-json\/wp\/v2\/categories?post=8460"},{"taxonomy":"post_tag","embeddable":true,"href":"https:\/\/riclima.ch\/de\/wp-json\/wp\/v2\/tags?post=8460"}],"curies":[{"name":"wp","href":"https:\/\/api.w.org\/{rel}","templated":true}]}}