{"id":8462,"date":"2020-02-07T10:57:00","date_gmt":"2020-02-07T09:57:00","guid":{"rendered":"https:\/\/staging001.wp-ok.it\/decsa-verdunstungstuerme-fuer-ibsa-in-pambio-noranco\/"},"modified":"2025-03-31T12:09:16","modified_gmt":"2025-03-31T10:09:16","slug":"decsa-verdunstungstuerme-fuer-ibsa-in-pambio-noranco","status":"publish","type":"post","link":"https:\/\/riclima.ch\/de\/decsa-verdunstungstuerme-fuer-ibsa-in-pambio-noranco\/","title":{"rendered":"Decsa-Verdunstungst\u00fcrme f\u00fcr IBSA in Pambio Noranco"},"content":{"rendered":"\n<p>IBSA w\u00e4hlte die Verdunstungst\u00fcrme von Decsa f\u00fcr den Bau des neuen Zentrums in Pambio Noranco.<\/p>\n\n<p>Dabei handelt es sich um mehrere Anlagen mit einer Leistung von \u00fcber 900 kW, die mit Elektro- und Wasseraufbereitungssystemen ausgestattet sind.<\/p>\n","protected":false},"excerpt":{"rendered":"<p>IBSA w\u00e4hlte die Verdunstungst\u00fcrme von Decsa f\u00fcr den Bau des neuen Zentrums in Pambio Noranco. Dabei handelt es sich um mehrere Anlagen mit einer Leistung von \u00fcber 900 kW, die mit Elektro- und Wasseraufbereitungssystemen ausgestattet sind.<\/p>\n","protected":false},"author":2,"featured_media":6841,"comment_status":"open","ping_status":"open","sticky":false,"template":"","format":"standard","meta":{"_acf_changed":false,"footnotes":""},"categories":[78],"tags":[],"class_list":["post-8462","post","type-post","status-publish","format-standard","has-post-thumbnail","hentry","category-referenzen"],"acf":[],"yoast_head":"<!-- This site is optimized with the Yoast SEO plugin v27.4 - https:\/\/yoast.com\/product\/yoast-seo-wordpress\/ -->\n<title>Decsa-Verdunstungst\u00fcrme f\u00fcr IBSA in Pambio Noranco - Riclima<\/title>\n<meta name=\"robots\" content=\"index, follow, max-snippet:-1, max-image-preview:large, max-video-preview:-1\" \/>\n<link rel=\"canonical\" href=\"https:\/\/riclima.ch\/de\/decsa-verdunstungstuerme-fuer-ibsa-in-pambio-noranco\/\" \/>\n<meta property=\"og:locale\" content=\"de_DE\" \/>\n<meta property=\"og:type\" content=\"article\" \/>\n<meta property=\"og:title\" content=\"Decsa-Verdunstungst\u00fcrme f\u00fcr IBSA in Pambio Noranco - Riclima\" \/>\n<meta property=\"og:description\" content=\"IBSA w\u00e4hlte die Verdunstungst\u00fcrme von Decsa f\u00fcr den Bau des neuen Zentrums in Pambio Noranco. Dabei handelt es sich um mehrere Anlagen mit einer Leistung von \u00fcber 900 kW, die mit Elektro- und Wasseraufbereitungssystemen ausgestattet sind.\" \/>\n<meta property=\"og:url\" content=\"https:\/\/riclima.ch\/de\/decsa-verdunstungstuerme-fuer-ibsa-in-pambio-noranco\/\" \/>\n<meta property=\"og:site_name\" content=\"Riclima\" \/>\n<meta property=\"article:published_time\" content=\"2020-02-07T09:57:00+00:00\" \/>\n<meta property=\"article:modified_time\" content=\"2025-03-31T10:09:16+00:00\" \/>\n<meta property=\"og:image\" content=\"https:\/\/riclima.ch\/wp-content\/uploads\/2020\/03\/IMG_0461-e1583578706286.jpg\" \/>\n\t<meta property=\"og:image:width\" content=\"2016\" \/>\n\t<meta property=\"og:image:height\" content=\"1512\" \/>\n\t<meta property=\"og:image:type\" content=\"image\/jpeg\" \/>\n<meta name=\"author\" content=\"Davidech\" \/>\n<script type=\"application\/ld+json\" class=\"yoast-schema-graph\">{\"@context\":\"https:\\\/\\\/schema.org\",\"@graph\":[{\"@type\":\"Article\",\"@id\":\"https:\\\/\\\/riclima.ch\\\/de\\\/decsa-verdunstungstuerme-fuer-ibsa-in-pambio-noranco\\\/#article\",\"isPartOf\":{\"@id\":\"https:\\\/\\\/riclima.ch\\\/de\\\/decsa-verdunstungstuerme-fuer-ibsa-in-pambio-noranco\\\/\"},\"author\":{\"name\":\"Davidech\",\"@id\":\"https:\\\/\\\/riclima.ch\\\/de\\\/#\\\/schema\\\/person\\\/1f17c4141d000200d0ec223caf9bb578\"},\"headline\":\"Decsa-Verdunstungst\u00fcrme f\u00fcr IBSA in Pambio Noranco\",\"datePublished\":\"2020-02-07T09:57:00+00:00\",\"dateModified\":\"2025-03-31T10:09:16+00:00\",\"mainEntityOfPage\":{\"@id\":\"https:\\\/\\\/riclima.ch\\\/de\\\/decsa-verdunstungstuerme-fuer-ibsa-in-pambio-noranco\\\/\"},\"wordCount\":46,\"commentCount\":0,\"image\":{\"@id\":\"https:\\\/\\\/riclima.ch\\\/de\\\/decsa-verdunstungstuerme-fuer-ibsa-in-pambio-noranco\\\/#primaryimage\"},\"thumbnailUrl\":\"https:\\\/\\\/riclima.ch\\\/wp-content\\\/uploads\\\/2020\\\/03\\\/IMG_0461-e1583578706286.jpg\",\"articleSection\":[\"Referenzen\"],\"inLanguage\":\"de\",\"potentialAction\":[{\"@type\":\"CommentAction\",\"name\":\"Comment\",\"target\":[\"https:\\\/\\\/riclima.ch\\\/de\\\/decsa-verdunstungstuerme-fuer-ibsa-in-pambio-noranco\\\/#respond\"]}]},{\"@type\":\"WebPage\",\"@id\":\"https:\\\/\\\/riclima.ch\\\/de\\\/decsa-verdunstungstuerme-fuer-ibsa-in-pambio-noranco\\\/\",\"url\":\"https:\\\/\\\/riclima.ch\\\/de\\\/decsa-verdunstungstuerme-fuer-ibsa-in-pambio-noranco\\\/\",\"name\":\"Decsa-Verdunstungst\u00fcrme f\u00fcr IBSA in Pambio Noranco - Riclima\",\"isPartOf\":{\"@id\":\"https:\\\/\\\/riclima.ch\\\/de\\\/#website\"},\"primaryImageOfPage\":{\"@id\":\"https:\\\/\\\/riclima.ch\\\/de\\\/decsa-verdunstungstuerme-fuer-ibsa-in-pambio-noranco\\\/#primaryimage\"},\"image\":{\"@id\":\"https:\\\/\\\/riclima.ch\\\/de\\\/decsa-verdunstungstuerme-fuer-ibsa-in-pambio-noranco\\\/#primaryimage\"},\"thumbnailUrl\":\"https:\\\/\\\/riclima.ch\\\/wp-content\\\/uploads\\\/2020\\\/03\\\/IMG_0461-e1583578706286.jpg\",\"datePublished\":\"2020-02-07T09:57:00+00:00\",\"dateModified\":\"2025-03-31T10:09:16+00:00\",\"author\":{\"@id\":\"https:\\\/\\\/riclima.ch\\\/de\\\/#\\\/schema\\\/person\\\/1f17c4141d000200d0ec223caf9bb578\"},\"breadcrumb\":{\"@id\":\"https:\\\/\\\/riclima.ch\\\/de\\\/decsa-verdunstungstuerme-fuer-ibsa-in-pambio-noranco\\\/#breadcrumb\"},\"inLanguage\":\"de\",\"potentialAction\":[{\"@type\":\"ReadAction\",\"target\":[\"https:\\\/\\\/riclima.ch\\\/de\\\/decsa-verdunstungstuerme-fuer-ibsa-in-pambio-noranco\\\/\"]}]},{\"@type\":\"ImageObject\",\"inLanguage\":\"de\",\"@id\":\"https:\\\/\\\/riclima.ch\\\/de\\\/decsa-verdunstungstuerme-fuer-ibsa-in-pambio-noranco\\\/#primaryimage\",\"url\":\"https:\\\/\\\/riclima.ch\\\/wp-content\\\/uploads\\\/2020\\\/03\\\/IMG_0461-e1583578706286.jpg\",\"contentUrl\":\"https:\\\/\\\/riclima.ch\\\/wp-content\\\/uploads\\\/2020\\\/03\\\/IMG_0461-e1583578706286.jpg\",\"width\":2016,\"height\":1512},{\"@type\":\"BreadcrumbList\",\"@id\":\"https:\\\/\\\/riclima.ch\\\/de\\\/decsa-verdunstungstuerme-fuer-ibsa-in-pambio-noranco\\\/#breadcrumb\",\"itemListElement\":[{\"@type\":\"ListItem\",\"position\":1,\"name\":\"Home\",\"item\":\"https:\\\/\\\/riclima.ch\\\/de\\\/\"},{\"@type\":\"ListItem\",\"position\":2,\"name\":\"Decsa-Verdunstungst\u00fcrme f\u00fcr IBSA in Pambio Noranco\"}]},{\"@type\":\"WebSite\",\"@id\":\"https:\\\/\\\/riclima.ch\\\/de\\\/#website\",\"url\":\"https:\\\/\\\/riclima.ch\\\/de\\\/\",\"name\":\"Riclima\",\"description\":\"\",\"potentialAction\":[{\"@type\":\"SearchAction\",\"target\":{\"@type\":\"EntryPoint\",\"urlTemplate\":\"https:\\\/\\\/riclima.ch\\\/de\\\/?s={search_term_string}\"},\"query-input\":{\"@type\":\"PropertyValueSpecification\",\"valueRequired\":true,\"valueName\":\"search_term_string\"}}],\"inLanguage\":\"de\"},{\"@type\":\"Person\",\"@id\":\"https:\\\/\\\/riclima.ch\\\/de\\\/#\\\/schema\\\/person\\\/1f17c4141d000200d0ec223caf9bb578\",\"name\":\"Davidech\",\"image\":{\"@type\":\"ImageObject\",\"inLanguage\":\"de\",\"@id\":\"https:\\\/\\\/secure.gravatar.com\\\/avatar\\\/82a9646b294d15eca13ed42f9d3328c3c0ddbab7bf38a14db82fd470e3f58209?s=96&d=mm&r=g\",\"url\":\"https:\\\/\\\/secure.gravatar.com\\\/avatar\\\/82a9646b294d15eca13ed42f9d3328c3c0ddbab7bf38a14db82fd470e3f58209?s=96&d=mm&r=g\",\"contentUrl\":\"https:\\\/\\\/secure.gravatar.com\\\/avatar\\\/82a9646b294d15eca13ed42f9d3328c3c0ddbab7bf38a14db82fd470e3f58209?s=96&d=mm&r=g\",\"caption\":\"Davidech\"},\"url\":\"https:\\\/\\\/riclima.ch\\\/de\\\/author\\\/davidech\\\/\"}]}<\/script>\n<!-- \/ Yoast SEO plugin. -->","yoast_head_json":{"title":"Decsa-Verdunstungst\u00fcrme f\u00fcr IBSA in Pambio Noranco - Riclima","robots":{"index":"index","follow":"follow","max-snippet":"max-snippet:-1","max-image-preview":"max-image-preview:large","max-video-preview":"max-video-preview:-1"},"canonical":"https:\/\/riclima.ch\/de\/decsa-verdunstungstuerme-fuer-ibsa-in-pambio-noranco\/","og_locale":"de_DE","og_type":"article","og_title":"Decsa-Verdunstungst\u00fcrme f\u00fcr IBSA in Pambio Noranco - Riclima","og_description":"IBSA w\u00e4hlte die Verdunstungst\u00fcrme von Decsa f\u00fcr den Bau des neuen Zentrums in Pambio Noranco. Dabei handelt es sich um mehrere Anlagen mit einer Leistung von \u00fcber 900 kW, die mit Elektro- und Wasseraufbereitungssystemen ausgestattet sind.","og_url":"https:\/\/riclima.ch\/de\/decsa-verdunstungstuerme-fuer-ibsa-in-pambio-noranco\/","og_site_name":"Riclima","article_published_time":"2020-02-07T09:57:00+00:00","article_modified_time":"2025-03-31T10:09:16+00:00","og_image":[{"width":2016,"height":1512,"url":"https:\/\/riclima.ch\/wp-content\/uploads\/2020\/03\/IMG_0461-e1583578706286.jpg","type":"image\/jpeg"}],"author":"Davidech","schema":{"@context":"https:\/\/schema.org","@graph":[{"@type":"Article","@id":"https:\/\/riclima.ch\/de\/decsa-verdunstungstuerme-fuer-ibsa-in-pambio-noranco\/#article","isPartOf":{"@id":"https:\/\/riclima.ch\/de\/decsa-verdunstungstuerme-fuer-ibsa-in-pambio-noranco\/"},"author":{"name":"Davidech","@id":"https:\/\/riclima.ch\/de\/#\/schema\/person\/1f17c4141d000200d0ec223caf9bb578"},"headline":"Decsa-Verdunstungst\u00fcrme f\u00fcr IBSA in Pambio Noranco","datePublished":"2020-02-07T09:57:00+00:00","dateModified":"2025-03-31T10:09:16+00:00","mainEntityOfPage":{"@id":"https:\/\/riclima.ch\/de\/decsa-verdunstungstuerme-fuer-ibsa-in-pambio-noranco\/"},"wordCount":46,"commentCount":0,"image":{"@id":"https:\/\/riclima.ch\/de\/decsa-verdunstungstuerme-fuer-ibsa-in-pambio-noranco\/#primaryimage"},"thumbnailUrl":"https:\/\/riclima.ch\/wp-content\/uploads\/2020\/03\/IMG_0461-e1583578706286.jpg","articleSection":["Referenzen"],"inLanguage":"de","potentialAction":[{"@type":"CommentAction","name":"Comment","target":["https:\/\/riclima.ch\/de\/decsa-verdunstungstuerme-fuer-ibsa-in-pambio-noranco\/#respond"]}]},{"@type":"WebPage","@id":"https:\/\/riclima.ch\/de\/decsa-verdunstungstuerme-fuer-ibsa-in-pambio-noranco\/","url":"https:\/\/riclima.ch\/de\/decsa-verdunstungstuerme-fuer-ibsa-in-pambio-noranco\/","name":"Decsa-Verdunstungst\u00fcrme f\u00fcr IBSA in Pambio Noranco - Riclima","isPartOf":{"@id":"https:\/\/riclima.ch\/de\/#website"},"primaryImageOfPage":{"@id":"https:\/\/riclima.ch\/de\/decsa-verdunstungstuerme-fuer-ibsa-in-pambio-noranco\/#primaryimage"},"image":{"@id":"https:\/\/riclima.ch\/de\/decsa-verdunstungstuerme-fuer-ibsa-in-pambio-noranco\/#primaryimage"},"thumbnailUrl":"https:\/\/riclima.ch\/wp-content\/uploads\/2020\/03\/IMG_0461-e1583578706286.jpg","datePublished":"2020-02-07T09:57:00+00:00","dateModified":"2025-03-31T10:09:16+00:00","author":{"@id":"https:\/\/riclima.ch\/de\/#\/schema\/person\/1f17c4141d000200d0ec223caf9bb578"},"breadcrumb":{"@id":"https:\/\/riclima.ch\/de\/decsa-verdunstungstuerme-fuer-ibsa-in-pambio-noranco\/#breadcrumb"},"inLanguage":"de","potentialAction":[{"@type":"ReadAction","target":["https:\/\/riclima.ch\/de\/decsa-verdunstungstuerme-fuer-ibsa-in-pambio-noranco\/"]}]},{"@type":"ImageObject","inLanguage":"de","@id":"https:\/\/riclima.ch\/de\/decsa-verdunstungstuerme-fuer-ibsa-in-pambio-noranco\/#primaryimage","url":"https:\/\/riclima.ch\/wp-content\/uploads\/2020\/03\/IMG_0461-e1583578706286.jpg","contentUrl":"https:\/\/riclima.ch\/wp-content\/uploads\/2020\/03\/IMG_0461-e1583578706286.jpg","width":2016,"height":1512},{"@type":"BreadcrumbList","@id":"https:\/\/riclima.ch\/de\/decsa-verdunstungstuerme-fuer-ibsa-in-pambio-noranco\/#breadcrumb","itemListElement":[{"@type":"ListItem","position":1,"name":"Home","item":"https:\/\/riclima.ch\/de\/"},{"@type":"ListItem","position":2,"name":"Decsa-Verdunstungst\u00fcrme f\u00fcr IBSA in Pambio Noranco"}]},{"@type":"WebSite","@id":"https:\/\/riclima.ch\/de\/#website","url":"https:\/\/riclima.ch\/de\/","name":"Riclima","description":"","potentialAction":[{"@type":"SearchAction","target":{"@type":"EntryPoint","urlTemplate":"https:\/\/riclima.ch\/de\/?s={search_term_string}"},"query-input":{"@type":"PropertyValueSpecification","valueRequired":true,"valueName":"search_term_string"}}],"inLanguage":"de"},{"@type":"Person","@id":"https:\/\/riclima.ch\/de\/#\/schema\/person\/1f17c4141d000200d0ec223caf9bb578","name":"Davidech","image":{"@type":"ImageObject","inLanguage":"de","@id":"https:\/\/secure.gravatar.com\/avatar\/82a9646b294d15eca13ed42f9d3328c3c0ddbab7bf38a14db82fd470e3f58209?s=96&d=mm&r=g","url":"https:\/\/secure.gravatar.com\/avatar\/82a9646b294d15eca13ed42f9d3328c3c0ddbab7bf38a14db82fd470e3f58209?s=96&d=mm&r=g","contentUrl":"https:\/\/secure.gravatar.com\/avatar\/82a9646b294d15eca13ed42f9d3328c3c0ddbab7bf38a14db82fd470e3f58209?s=96&d=mm&r=g","caption":"Davidech"},"url":"https:\/\/riclima.ch\/de\/author\/davidech\/"}]}},"_links":{"self":[{"href":"https:\/\/riclima.ch\/de\/wp-json\/wp\/v2\/posts\/8462","targetHints":{"allow":["GET"]}}],"collection":[{"href":"https:\/\/riclima.ch\/de\/wp-json\/wp\/v2\/posts"}],"about":[{"href":"https:\/\/riclima.ch\/de\/wp-json\/wp\/v2\/types\/post"}],"author":[{"embeddable":true,"href":"https:\/\/riclima.ch\/de\/wp-json\/wp\/v2\/users\/2"}],"replies":[{"embeddable":true,"href":"https:\/\/riclima.ch\/de\/wp-json\/wp\/v2\/comments?post=8462"}],"version-history":[{"count":1,"href":"https:\/\/riclima.ch\/de\/wp-json\/wp\/v2\/posts\/8462\/revisions"}],"predecessor-version":[{"id":8463,"href":"https:\/\/riclima.ch\/de\/wp-json\/wp\/v2\/posts\/8462\/revisions\/8463"}],"wp:featuredmedia":[{"embeddable":true,"href":"https:\/\/riclima.ch\/de\/wp-json\/wp\/v2\/media\/6841"}],"wp:attachment":[{"href":"https:\/\/riclima.ch\/de\/wp-json\/wp\/v2\/media?parent=8462"}],"wp:term":[{"taxonomy":"category","embeddable":true,"href":"https:\/\/riclima.ch\/de\/wp-json\/wp\/v2\/categories?post=8462"},{"taxonomy":"post_tag","embeddable":true,"href":"https:\/\/riclima.ch\/de\/wp-json\/wp\/v2\/tags?post=8462"}],"curies":[{"name":"wp","href":"https:\/\/api.w.org\/{rel}","templated":true}]}}