{"id":9155,"date":"2025-04-29T13:53:13","date_gmt":"2025-04-29T11:53:13","guid":{"rendered":"https:\/\/staging001.wp-ok.it\/mehrfamilienwohnhaus-in-erlenbach-kanton-zuerich\/"},"modified":"2025-05-12T17:30:12","modified_gmt":"2025-05-12T15:30:12","slug":"mehrfamilienwohnhaus-in-erlenbach-kanton-zuerich","status":"publish","type":"post","link":"https:\/\/riclima.ch\/de\/mehrfamilienwohnhaus-in-erlenbach-kanton-zuerich\/","title":{"rendered":"Mehrfamilienwohnhaus in Erlenbach, Kanton Z\u00fcrich"},"content":{"rendered":"\n<p>Installation von 3 W\u00e4rmepumpen Luft\/Wasser (Clivet Edge EVO 2.0 EXC, Typ Wisan-YME1) f\u00fcr ein Mehrfamilienhaus in renommierter Wohngegend mit Blick auf den Z\u00fcrichsee. Jedes Ger\u00e4t hat eine Leistung von 31 kW im Heizbetrieb und 29 kW im K\u00fchlbetrieb. W\u00e4rmepumpen mit umweltfreundlichem K\u00e4ltemittelgas R32.<\/p>\n\n<iframe title=\"Erlenbach\" width=\"800\" height=\"450\" src=\"https:\/\/www.youtube.com\/embed\/Z7wHDrYnEP0?feature=oembed\" frameborder=\"0\" allow=\"accelerometer; autoplay; clipboard-write; encrypted-media; gyroscope; picture-in-picture; web-share\" referrerpolicy=\"strict-origin-when-cross-origin\" allowfullscreen><\/iframe>\n","protected":false},"excerpt":{"rendered":"<p>Installation von 3 W\u00e4rmepumpen Luft\/Wasser (Clivet Edge EVO 2.0 EXC, Typ Wisan-YME1) f\u00fcr ein Mehrfamilienhaus in renommierter Wohngegend mit Blick auf den Z\u00fcrichsee. Jedes Ger\u00e4t hat eine Leistung von 31 kW im Heizbetrieb und 29 kW im K\u00fchlbetrieb. W\u00e4rmepumpen mit umweltfreundlichem K\u00e4ltemittelgas R32.<\/p>\n","protected":false},"author":5,"featured_media":9268,"comment_status":"open","ping_status":"open","sticky":false,"template":"","format":"standard","meta":{"_acf_changed":false,"footnotes":""},"categories":[78],"tags":[],"class_list":["post-9155","post","type-post","status-publish","format-standard","has-post-thumbnail","hentry","category-referenzen"],"acf":[],"yoast_head":"<!-- This site is optimized with the Yoast SEO plugin v27.4 - https:\/\/yoast.com\/product\/yoast-seo-wordpress\/ -->\n<title>Mehrfamilienwohnhaus in Erlenbach, Kanton Z\u00fcrich - Riclima<\/title>\n<meta name=\"robots\" content=\"index, follow, max-snippet:-1, max-image-preview:large, max-video-preview:-1\" \/>\n<link rel=\"canonical\" href=\"https:\/\/riclima.ch\/de\/mehrfamilienwohnhaus-in-erlenbach-kanton-zuerich\/\" \/>\n<meta property=\"og:locale\" content=\"de_DE\" \/>\n<meta property=\"og:type\" content=\"article\" \/>\n<meta property=\"og:title\" content=\"Mehrfamilienwohnhaus in Erlenbach, Kanton Z\u00fcrich - Riclima\" \/>\n<meta property=\"og:description\" content=\"Installation von 3 W\u00e4rmepumpen Luft\/Wasser (Clivet Edge EVO 2.0 EXC, Typ Wisan-YME1) f\u00fcr ein Mehrfamilienhaus in renommierter Wohngegend mit Blick auf den Z\u00fcrichsee. Jedes Ger\u00e4t hat eine Leistung von 31 kW im Heizbetrieb und 29 kW im K\u00fchlbetrieb. W\u00e4rmepumpen mit umweltfreundlichem K\u00e4ltemittelgas R32.\" \/>\n<meta property=\"og:url\" content=\"https:\/\/riclima.ch\/de\/mehrfamilienwohnhaus-in-erlenbach-kanton-zuerich\/\" \/>\n<meta property=\"og:site_name\" content=\"Riclima\" \/>\n<meta property=\"article:published_time\" content=\"2025-04-29T11:53:13+00:00\" \/>\n<meta property=\"article:modified_time\" content=\"2025-05-12T15:30:12+00:00\" \/>\n<meta property=\"og:image\" content=\"https:\/\/riclima.ch\/wp-content\/uploads\/2024\/12\/RiCLIMA_PAG4020.jpg\" \/>\n\t<meta property=\"og:image:width\" content=\"1200\" \/>\n\t<meta property=\"og:image:height\" content=\"800\" \/>\n\t<meta property=\"og:image:type\" content=\"image\/jpeg\" \/>\n<meta name=\"author\" content=\"Davide Trentin\" \/>\n<script type=\"application\/ld+json\" class=\"yoast-schema-graph\">{\"@context\":\"https:\\\/\\\/schema.org\",\"@graph\":[{\"@type\":\"Article\",\"@id\":\"https:\\\/\\\/riclima.ch\\\/de\\\/mehrfamilienwohnhaus-in-erlenbach-kanton-zuerich\\\/#article\",\"isPartOf\":{\"@id\":\"https:\\\/\\\/riclima.ch\\\/de\\\/mehrfamilienwohnhaus-in-erlenbach-kanton-zuerich\\\/\"},\"author\":{\"name\":\"Davide Trentin\",\"@id\":\"https:\\\/\\\/riclima.ch\\\/de\\\/#\\\/schema\\\/person\\\/40894641f0981e49ebe9137d7655583c\"},\"headline\":\"Mehrfamilienwohnhaus in Erlenbach, Kanton Z\u00fcrich\",\"datePublished\":\"2025-04-29T11:53:13+00:00\",\"dateModified\":\"2025-05-12T15:30:12+00:00\",\"mainEntityOfPage\":{\"@id\":\"https:\\\/\\\/riclima.ch\\\/de\\\/mehrfamilienwohnhaus-in-erlenbach-kanton-zuerich\\\/\"},\"wordCount\":63,\"commentCount\":0,\"image\":{\"@id\":\"https:\\\/\\\/riclima.ch\\\/de\\\/mehrfamilienwohnhaus-in-erlenbach-kanton-zuerich\\\/#primaryimage\"},\"thumbnailUrl\":\"https:\\\/\\\/riclima.ch\\\/wp-content\\\/uploads\\\/2024\\\/12\\\/RiCLIMA_PAG4020.jpg\",\"articleSection\":[\"Referenzen\"],\"inLanguage\":\"de\",\"potentialAction\":[{\"@type\":\"CommentAction\",\"name\":\"Comment\",\"target\":[\"https:\\\/\\\/riclima.ch\\\/de\\\/mehrfamilienwohnhaus-in-erlenbach-kanton-zuerich\\\/#respond\"]}]},{\"@type\":\"WebPage\",\"@id\":\"https:\\\/\\\/riclima.ch\\\/de\\\/mehrfamilienwohnhaus-in-erlenbach-kanton-zuerich\\\/\",\"url\":\"https:\\\/\\\/riclima.ch\\\/de\\\/mehrfamilienwohnhaus-in-erlenbach-kanton-zuerich\\\/\",\"name\":\"Mehrfamilienwohnhaus in Erlenbach, Kanton Z\u00fcrich - Riclima\",\"isPartOf\":{\"@id\":\"https:\\\/\\\/riclima.ch\\\/de\\\/#website\"},\"primaryImageOfPage\":{\"@id\":\"https:\\\/\\\/riclima.ch\\\/de\\\/mehrfamilienwohnhaus-in-erlenbach-kanton-zuerich\\\/#primaryimage\"},\"image\":{\"@id\":\"https:\\\/\\\/riclima.ch\\\/de\\\/mehrfamilienwohnhaus-in-erlenbach-kanton-zuerich\\\/#primaryimage\"},\"thumbnailUrl\":\"https:\\\/\\\/riclima.ch\\\/wp-content\\\/uploads\\\/2024\\\/12\\\/RiCLIMA_PAG4020.jpg\",\"datePublished\":\"2025-04-29T11:53:13+00:00\",\"dateModified\":\"2025-05-12T15:30:12+00:00\",\"author\":{\"@id\":\"https:\\\/\\\/riclima.ch\\\/de\\\/#\\\/schema\\\/person\\\/40894641f0981e49ebe9137d7655583c\"},\"breadcrumb\":{\"@id\":\"https:\\\/\\\/riclima.ch\\\/de\\\/mehrfamilienwohnhaus-in-erlenbach-kanton-zuerich\\\/#breadcrumb\"},\"inLanguage\":\"de\",\"potentialAction\":[{\"@type\":\"ReadAction\",\"target\":[\"https:\\\/\\\/riclima.ch\\\/de\\\/mehrfamilienwohnhaus-in-erlenbach-kanton-zuerich\\\/\"]}]},{\"@type\":\"ImageObject\",\"inLanguage\":\"de\",\"@id\":\"https:\\\/\\\/riclima.ch\\\/de\\\/mehrfamilienwohnhaus-in-erlenbach-kanton-zuerich\\\/#primaryimage\",\"url\":\"https:\\\/\\\/riclima.ch\\\/wp-content\\\/uploads\\\/2024\\\/12\\\/RiCLIMA_PAG4020.jpg\",\"contentUrl\":\"https:\\\/\\\/riclima.ch\\\/wp-content\\\/uploads\\\/2024\\\/12\\\/RiCLIMA_PAG4020.jpg\",\"width\":1200,\"height\":800},{\"@type\":\"BreadcrumbList\",\"@id\":\"https:\\\/\\\/riclima.ch\\\/de\\\/mehrfamilienwohnhaus-in-erlenbach-kanton-zuerich\\\/#breadcrumb\",\"itemListElement\":[{\"@type\":\"ListItem\",\"position\":1,\"name\":\"Home\",\"item\":\"https:\\\/\\\/riclima.ch\\\/de\\\/\"},{\"@type\":\"ListItem\",\"position\":2,\"name\":\"Mehrfamilienwohnhaus in Erlenbach, Kanton Z\u00fcrich\"}]},{\"@type\":\"WebSite\",\"@id\":\"https:\\\/\\\/riclima.ch\\\/de\\\/#website\",\"url\":\"https:\\\/\\\/riclima.ch\\\/de\\\/\",\"name\":\"Riclima\",\"description\":\"\",\"potentialAction\":[{\"@type\":\"SearchAction\",\"target\":{\"@type\":\"EntryPoint\",\"urlTemplate\":\"https:\\\/\\\/riclima.ch\\\/de\\\/?s={search_term_string}\"},\"query-input\":{\"@type\":\"PropertyValueSpecification\",\"valueRequired\":true,\"valueName\":\"search_term_string\"}}],\"inLanguage\":\"de\"},{\"@type\":\"Person\",\"@id\":\"https:\\\/\\\/riclima.ch\\\/de\\\/#\\\/schema\\\/person\\\/40894641f0981e49ebe9137d7655583c\",\"name\":\"Davide Trentin\",\"image\":{\"@type\":\"ImageObject\",\"inLanguage\":\"de\",\"@id\":\"https:\\\/\\\/secure.gravatar.com\\\/avatar\\\/a863d33dc56147e197a483503512dc11d6752ecf6786572b1a19bc8dd13bc895?s=96&d=mm&r=g\",\"url\":\"https:\\\/\\\/secure.gravatar.com\\\/avatar\\\/a863d33dc56147e197a483503512dc11d6752ecf6786572b1a19bc8dd13bc895?s=96&d=mm&r=g\",\"contentUrl\":\"https:\\\/\\\/secure.gravatar.com\\\/avatar\\\/a863d33dc56147e197a483503512dc11d6752ecf6786572b1a19bc8dd13bc895?s=96&d=mm&r=g\",\"caption\":\"Davide Trentin\"},\"url\":\"https:\\\/\\\/riclima.ch\\\/de\\\/author\\\/trentin\\\/\"}]}<\/script>\n<!-- \/ Yoast SEO plugin. -->","yoast_head_json":{"title":"Mehrfamilienwohnhaus in Erlenbach, Kanton Z\u00fcrich - Riclima","robots":{"index":"index","follow":"follow","max-snippet":"max-snippet:-1","max-image-preview":"max-image-preview:large","max-video-preview":"max-video-preview:-1"},"canonical":"https:\/\/riclima.ch\/de\/mehrfamilienwohnhaus-in-erlenbach-kanton-zuerich\/","og_locale":"de_DE","og_type":"article","og_title":"Mehrfamilienwohnhaus in Erlenbach, Kanton Z\u00fcrich - Riclima","og_description":"Installation von 3 W\u00e4rmepumpen Luft\/Wasser (Clivet Edge EVO 2.0 EXC, Typ Wisan-YME1) f\u00fcr ein Mehrfamilienhaus in renommierter Wohngegend mit Blick auf den Z\u00fcrichsee. Jedes Ger\u00e4t hat eine Leistung von 31 kW im Heizbetrieb und 29 kW im K\u00fchlbetrieb. W\u00e4rmepumpen mit umweltfreundlichem K\u00e4ltemittelgas R32.","og_url":"https:\/\/riclima.ch\/de\/mehrfamilienwohnhaus-in-erlenbach-kanton-zuerich\/","og_site_name":"Riclima","article_published_time":"2025-04-29T11:53:13+00:00","article_modified_time":"2025-05-12T15:30:12+00:00","og_image":[{"width":1200,"height":800,"url":"https:\/\/riclima.ch\/wp-content\/uploads\/2024\/12\/RiCLIMA_PAG4020.jpg","type":"image\/jpeg"}],"author":"Davide Trentin","schema":{"@context":"https:\/\/schema.org","@graph":[{"@type":"Article","@id":"https:\/\/riclima.ch\/de\/mehrfamilienwohnhaus-in-erlenbach-kanton-zuerich\/#article","isPartOf":{"@id":"https:\/\/riclima.ch\/de\/mehrfamilienwohnhaus-in-erlenbach-kanton-zuerich\/"},"author":{"name":"Davide Trentin","@id":"https:\/\/riclima.ch\/de\/#\/schema\/person\/40894641f0981e49ebe9137d7655583c"},"headline":"Mehrfamilienwohnhaus in Erlenbach, Kanton Z\u00fcrich","datePublished":"2025-04-29T11:53:13+00:00","dateModified":"2025-05-12T15:30:12+00:00","mainEntityOfPage":{"@id":"https:\/\/riclima.ch\/de\/mehrfamilienwohnhaus-in-erlenbach-kanton-zuerich\/"},"wordCount":63,"commentCount":0,"image":{"@id":"https:\/\/riclima.ch\/de\/mehrfamilienwohnhaus-in-erlenbach-kanton-zuerich\/#primaryimage"},"thumbnailUrl":"https:\/\/riclima.ch\/wp-content\/uploads\/2024\/12\/RiCLIMA_PAG4020.jpg","articleSection":["Referenzen"],"inLanguage":"de","potentialAction":[{"@type":"CommentAction","name":"Comment","target":["https:\/\/riclima.ch\/de\/mehrfamilienwohnhaus-in-erlenbach-kanton-zuerich\/#respond"]}]},{"@type":"WebPage","@id":"https:\/\/riclima.ch\/de\/mehrfamilienwohnhaus-in-erlenbach-kanton-zuerich\/","url":"https:\/\/riclima.ch\/de\/mehrfamilienwohnhaus-in-erlenbach-kanton-zuerich\/","name":"Mehrfamilienwohnhaus in Erlenbach, Kanton Z\u00fcrich - Riclima","isPartOf":{"@id":"https:\/\/riclima.ch\/de\/#website"},"primaryImageOfPage":{"@id":"https:\/\/riclima.ch\/de\/mehrfamilienwohnhaus-in-erlenbach-kanton-zuerich\/#primaryimage"},"image":{"@id":"https:\/\/riclima.ch\/de\/mehrfamilienwohnhaus-in-erlenbach-kanton-zuerich\/#primaryimage"},"thumbnailUrl":"https:\/\/riclima.ch\/wp-content\/uploads\/2024\/12\/RiCLIMA_PAG4020.jpg","datePublished":"2025-04-29T11:53:13+00:00","dateModified":"2025-05-12T15:30:12+00:00","author":{"@id":"https:\/\/riclima.ch\/de\/#\/schema\/person\/40894641f0981e49ebe9137d7655583c"},"breadcrumb":{"@id":"https:\/\/riclima.ch\/de\/mehrfamilienwohnhaus-in-erlenbach-kanton-zuerich\/#breadcrumb"},"inLanguage":"de","potentialAction":[{"@type":"ReadAction","target":["https:\/\/riclima.ch\/de\/mehrfamilienwohnhaus-in-erlenbach-kanton-zuerich\/"]}]},{"@type":"ImageObject","inLanguage":"de","@id":"https:\/\/riclima.ch\/de\/mehrfamilienwohnhaus-in-erlenbach-kanton-zuerich\/#primaryimage","url":"https:\/\/riclima.ch\/wp-content\/uploads\/2024\/12\/RiCLIMA_PAG4020.jpg","contentUrl":"https:\/\/riclima.ch\/wp-content\/uploads\/2024\/12\/RiCLIMA_PAG4020.jpg","width":1200,"height":800},{"@type":"BreadcrumbList","@id":"https:\/\/riclima.ch\/de\/mehrfamilienwohnhaus-in-erlenbach-kanton-zuerich\/#breadcrumb","itemListElement":[{"@type":"ListItem","position":1,"name":"Home","item":"https:\/\/riclima.ch\/de\/"},{"@type":"ListItem","position":2,"name":"Mehrfamilienwohnhaus in Erlenbach, Kanton Z\u00fcrich"}]},{"@type":"WebSite","@id":"https:\/\/riclima.ch\/de\/#website","url":"https:\/\/riclima.ch\/de\/","name":"Riclima","description":"","potentialAction":[{"@type":"SearchAction","target":{"@type":"EntryPoint","urlTemplate":"https:\/\/riclima.ch\/de\/?s={search_term_string}"},"query-input":{"@type":"PropertyValueSpecification","valueRequired":true,"valueName":"search_term_string"}}],"inLanguage":"de"},{"@type":"Person","@id":"https:\/\/riclima.ch\/de\/#\/schema\/person\/40894641f0981e49ebe9137d7655583c","name":"Davide Trentin","image":{"@type":"ImageObject","inLanguage":"de","@id":"https:\/\/secure.gravatar.com\/avatar\/a863d33dc56147e197a483503512dc11d6752ecf6786572b1a19bc8dd13bc895?s=96&d=mm&r=g","url":"https:\/\/secure.gravatar.com\/avatar\/a863d33dc56147e197a483503512dc11d6752ecf6786572b1a19bc8dd13bc895?s=96&d=mm&r=g","contentUrl":"https:\/\/secure.gravatar.com\/avatar\/a863d33dc56147e197a483503512dc11d6752ecf6786572b1a19bc8dd13bc895?s=96&d=mm&r=g","caption":"Davide Trentin"},"url":"https:\/\/riclima.ch\/de\/author\/trentin\/"}]}},"_links":{"self":[{"href":"https:\/\/riclima.ch\/de\/wp-json\/wp\/v2\/posts\/9155","targetHints":{"allow":["GET"]}}],"collection":[{"href":"https:\/\/riclima.ch\/de\/wp-json\/wp\/v2\/posts"}],"about":[{"href":"https:\/\/riclima.ch\/de\/wp-json\/wp\/v2\/types\/post"}],"author":[{"embeddable":true,"href":"https:\/\/riclima.ch\/de\/wp-json\/wp\/v2\/users\/5"}],"replies":[{"embeddable":true,"href":"https:\/\/riclima.ch\/de\/wp-json\/wp\/v2\/comments?post=9155"}],"version-history":[{"count":4,"href":"https:\/\/riclima.ch\/de\/wp-json\/wp\/v2\/posts\/9155\/revisions"}],"predecessor-version":[{"id":9189,"href":"https:\/\/riclima.ch\/de\/wp-json\/wp\/v2\/posts\/9155\/revisions\/9189"}],"wp:featuredmedia":[{"embeddable":true,"href":"https:\/\/riclima.ch\/de\/wp-json\/wp\/v2\/media\/9268"}],"wp:attachment":[{"href":"https:\/\/riclima.ch\/de\/wp-json\/wp\/v2\/media?parent=9155"}],"wp:term":[{"taxonomy":"category","embeddable":true,"href":"https:\/\/riclima.ch\/de\/wp-json\/wp\/v2\/categories?post=9155"},{"taxonomy":"post_tag","embeddable":true,"href":"https:\/\/riclima.ch\/de\/wp-json\/wp\/v2\/tags?post=9155"}],"curies":[{"name":"wp","href":"https:\/\/api.w.org\/{rel}","templated":true}]}}