{"id":9167,"date":"2025-04-29T14:03:12","date_gmt":"2025-04-29T12:03:12","guid":{"rendered":"https:\/\/staging001.wp-ok.it\/kommerzielles-gebaeude-in-niederglatt-kanton-zuerich\/"},"modified":"2025-05-12T17:26:08","modified_gmt":"2025-05-12T15:26:08","slug":"kommerzielles-gebaeude-in-niederglatt-kanton-zuerich","status":"publish","type":"post","link":"https:\/\/riclima.ch\/de\/kommerzielles-gebaeude-in-niederglatt-kanton-zuerich\/","title":{"rendered":"Kommerzielles Geb\u00e4ude in Niederglatt, Kanton Z\u00fcrich"},"content":{"rendered":"\n<p>Lieferung von 2 reversiblen Luft\/Wasser-W\u00e4rmepumpen zur Au\u00dfenaufstellung (Clivet Large EVO, Typ WiSAN-YEE1). Jedes Ger\u00e4t liefert eine Heizleistung von 230 kW und eine K\u00fchlleistung von 196 kW. Ausgestattet mit dem umweltfreundlichen K\u00e4ltemittel R32 und funktionsf\u00e4hig bis zu einer Au\u00dfentemperatur von -20\u202f\u00b0C.<\/p>\n\n<iframe title=\"Niederglatt ZH\" width=\"800\" height=\"450\" src=\"https:\/\/www.youtube.com\/embed\/hQ7pmSUs5KU?feature=oembed\" frameborder=\"0\" allow=\"accelerometer; autoplay; clipboard-write; encrypted-media; gyroscope; picture-in-picture; web-share\" referrerpolicy=\"strict-origin-when-cross-origin\" allowfullscreen><\/iframe>\n\n<figure class=\"wp-block-image size-full\"><img fetchpriority=\"high\" decoding=\"async\" width=\"1200\" height=\"675\" src=\"https:\/\/riclima.ch\/wp-content\/uploads\/2025\/01\/RiCLIMA_PAG4003.jpg\" alt=\"\" class=\"wp-image-9257\" srcset=\"https:\/\/riclima.ch\/wp-content\/uploads\/2025\/01\/RiCLIMA_PAG4003.jpg 1200w, https:\/\/riclima.ch\/wp-content\/uploads\/2025\/01\/RiCLIMA_PAG4003-300x169.jpg 300w, https:\/\/riclima.ch\/wp-content\/uploads\/2025\/01\/RiCLIMA_PAG4003-1024x576.jpg 1024w, https:\/\/riclima.ch\/wp-content\/uploads\/2025\/01\/RiCLIMA_PAG4003-768x432.jpg 768w\" sizes=\"(max-width: 1200px) 100vw, 1200px\" \/><\/figure>\n\n<figure class=\"wp-block-image size-full\"><img decoding=\"async\" width=\"1200\" height=\"675\" src=\"https:\/\/riclima.ch\/wp-content\/uploads\/2025\/01\/RiCLIMA_PAG4011.jpg\" alt=\"\" class=\"wp-image-9254\" srcset=\"https:\/\/riclima.ch\/wp-content\/uploads\/2025\/01\/RiCLIMA_PAG4011.jpg 1200w, https:\/\/riclima.ch\/wp-content\/uploads\/2025\/01\/RiCLIMA_PAG4011-300x169.jpg 300w, https:\/\/riclima.ch\/wp-content\/uploads\/2025\/01\/RiCLIMA_PAG4011-1024x576.jpg 1024w, https:\/\/riclima.ch\/wp-content\/uploads\/2025\/01\/RiCLIMA_PAG4011-768x432.jpg 768w\" sizes=\"(max-width: 1200px) 100vw, 1200px\" \/><\/figure>\n","protected":false},"excerpt":{"rendered":"<p>Lieferung von 2 reversiblen Luft\/Wasser-W\u00e4rmepumpen zur Au\u00dfenaufstellung (Clivet Large EVO, Typ WiSAN-YEE1). Jedes Ger\u00e4t liefert eine Heizleistung von 230 kW und eine K\u00fchlleistung von 196 kW. Ausgestattet mit dem umweltfreundlichen K\u00e4ltemittel R32 und funktionsf\u00e4hig bis zu einer Au\u00dfentemperatur von -20\u202f\u00b0C.<\/p>\n","protected":false},"author":5,"featured_media":9262,"comment_status":"open","ping_status":"open","sticky":false,"template":"","format":"standard","meta":{"_acf_changed":false,"footnotes":""},"categories":[78],"tags":[],"class_list":["post-9167","post","type-post","status-publish","format-standard","has-post-thumbnail","hentry","category-referenzen"],"acf":[],"yoast_head":"<!-- This site is optimized with the Yoast SEO plugin v27.4 - https:\/\/yoast.com\/product\/yoast-seo-wordpress\/ -->\n<title>Kommerzielles Geb\u00e4ude in Niederglatt, Kanton Z\u00fcrich - Riclima<\/title>\n<meta name=\"robots\" content=\"index, follow, max-snippet:-1, max-image-preview:large, max-video-preview:-1\" \/>\n<link rel=\"canonical\" href=\"https:\/\/riclima.ch\/de\/kommerzielles-gebaeude-in-niederglatt-kanton-zuerich\/\" \/>\n<meta property=\"og:locale\" content=\"de_DE\" \/>\n<meta property=\"og:type\" content=\"article\" \/>\n<meta property=\"og:title\" content=\"Kommerzielles Geb\u00e4ude in Niederglatt, Kanton Z\u00fcrich - Riclima\" \/>\n<meta property=\"og:description\" content=\"Lieferung von 2 reversiblen Luft\/Wasser-W\u00e4rmepumpen zur Au\u00dfenaufstellung (Clivet Large EVO, Typ WiSAN-YEE1). Jedes Ger\u00e4t liefert eine Heizleistung von 230 kW und eine K\u00fchlleistung von 196 kW. Ausgestattet mit dem umweltfreundlichen K\u00e4ltemittel R32 und funktionsf\u00e4hig bis zu einer Au\u00dfentemperatur von -20\u202f\u00b0C.\" \/>\n<meta property=\"og:url\" content=\"https:\/\/riclima.ch\/de\/kommerzielles-gebaeude-in-niederglatt-kanton-zuerich\/\" \/>\n<meta property=\"og:site_name\" content=\"Riclima\" \/>\n<meta property=\"article:published_time\" content=\"2025-04-29T12:03:12+00:00\" \/>\n<meta property=\"article:modified_time\" content=\"2025-05-12T15:26:08+00:00\" \/>\n<meta property=\"og:image\" content=\"https:\/\/riclima.ch\/wp-content\/uploads\/2025\/01\/RiCLIMA_PAG3991-1.jpg\" \/>\n\t<meta property=\"og:image:width\" content=\"1200\" \/>\n\t<meta property=\"og:image:height\" content=\"675\" \/>\n\t<meta property=\"og:image:type\" content=\"image\/jpeg\" \/>\n<meta name=\"author\" content=\"Davide Trentin\" \/>\n<script type=\"application\/ld+json\" class=\"yoast-schema-graph\">{\"@context\":\"https:\\\/\\\/schema.org\",\"@graph\":[{\"@type\":\"Article\",\"@id\":\"https:\\\/\\\/riclima.ch\\\/de\\\/kommerzielles-gebaeude-in-niederglatt-kanton-zuerich\\\/#article\",\"isPartOf\":{\"@id\":\"https:\\\/\\\/riclima.ch\\\/de\\\/kommerzielles-gebaeude-in-niederglatt-kanton-zuerich\\\/\"},\"author\":{\"name\":\"Davide Trentin\",\"@id\":\"https:\\\/\\\/riclima.ch\\\/de\\\/#\\\/schema\\\/person\\\/40894641f0981e49ebe9137d7655583c\"},\"headline\":\"Kommerzielles Geb\u00e4ude in Niederglatt, Kanton Z\u00fcrich\",\"datePublished\":\"2025-04-29T12:03:12+00:00\",\"dateModified\":\"2025-05-12T15:26:08+00:00\",\"mainEntityOfPage\":{\"@id\":\"https:\\\/\\\/riclima.ch\\\/de\\\/kommerzielles-gebaeude-in-niederglatt-kanton-zuerich\\\/\"},\"wordCount\":65,\"commentCount\":0,\"image\":{\"@id\":\"https:\\\/\\\/riclima.ch\\\/de\\\/kommerzielles-gebaeude-in-niederglatt-kanton-zuerich\\\/#primaryimage\"},\"thumbnailUrl\":\"https:\\\/\\\/riclima.ch\\\/wp-content\\\/uploads\\\/2025\\\/01\\\/RiCLIMA_PAG3991-1.jpg\",\"articleSection\":[\"Referenzen\"],\"inLanguage\":\"de\",\"potentialAction\":[{\"@type\":\"CommentAction\",\"name\":\"Comment\",\"target\":[\"https:\\\/\\\/riclima.ch\\\/de\\\/kommerzielles-gebaeude-in-niederglatt-kanton-zuerich\\\/#respond\"]}]},{\"@type\":\"WebPage\",\"@id\":\"https:\\\/\\\/riclima.ch\\\/de\\\/kommerzielles-gebaeude-in-niederglatt-kanton-zuerich\\\/\",\"url\":\"https:\\\/\\\/riclima.ch\\\/de\\\/kommerzielles-gebaeude-in-niederglatt-kanton-zuerich\\\/\",\"name\":\"Kommerzielles Geb\u00e4ude in Niederglatt, Kanton Z\u00fcrich - Riclima\",\"isPartOf\":{\"@id\":\"https:\\\/\\\/riclima.ch\\\/de\\\/#website\"},\"primaryImageOfPage\":{\"@id\":\"https:\\\/\\\/riclima.ch\\\/de\\\/kommerzielles-gebaeude-in-niederglatt-kanton-zuerich\\\/#primaryimage\"},\"image\":{\"@id\":\"https:\\\/\\\/riclima.ch\\\/de\\\/kommerzielles-gebaeude-in-niederglatt-kanton-zuerich\\\/#primaryimage\"},\"thumbnailUrl\":\"https:\\\/\\\/riclima.ch\\\/wp-content\\\/uploads\\\/2025\\\/01\\\/RiCLIMA_PAG3991-1.jpg\",\"datePublished\":\"2025-04-29T12:03:12+00:00\",\"dateModified\":\"2025-05-12T15:26:08+00:00\",\"author\":{\"@id\":\"https:\\\/\\\/riclima.ch\\\/de\\\/#\\\/schema\\\/person\\\/40894641f0981e49ebe9137d7655583c\"},\"breadcrumb\":{\"@id\":\"https:\\\/\\\/riclima.ch\\\/de\\\/kommerzielles-gebaeude-in-niederglatt-kanton-zuerich\\\/#breadcrumb\"},\"inLanguage\":\"de\",\"potentialAction\":[{\"@type\":\"ReadAction\",\"target\":[\"https:\\\/\\\/riclima.ch\\\/de\\\/kommerzielles-gebaeude-in-niederglatt-kanton-zuerich\\\/\"]}]},{\"@type\":\"ImageObject\",\"inLanguage\":\"de\",\"@id\":\"https:\\\/\\\/riclima.ch\\\/de\\\/kommerzielles-gebaeude-in-niederglatt-kanton-zuerich\\\/#primaryimage\",\"url\":\"https:\\\/\\\/riclima.ch\\\/wp-content\\\/uploads\\\/2025\\\/01\\\/RiCLIMA_PAG3991-1.jpg\",\"contentUrl\":\"https:\\\/\\\/riclima.ch\\\/wp-content\\\/uploads\\\/2025\\\/01\\\/RiCLIMA_PAG3991-1.jpg\",\"width\":1200,\"height\":675},{\"@type\":\"BreadcrumbList\",\"@id\":\"https:\\\/\\\/riclima.ch\\\/de\\\/kommerzielles-gebaeude-in-niederglatt-kanton-zuerich\\\/#breadcrumb\",\"itemListElement\":[{\"@type\":\"ListItem\",\"position\":1,\"name\":\"Home\",\"item\":\"https:\\\/\\\/riclima.ch\\\/de\\\/\"},{\"@type\":\"ListItem\",\"position\":2,\"name\":\"Kommerzielles Geb\u00e4ude in Niederglatt, Kanton Z\u00fcrich\"}]},{\"@type\":\"WebSite\",\"@id\":\"https:\\\/\\\/riclima.ch\\\/de\\\/#website\",\"url\":\"https:\\\/\\\/riclima.ch\\\/de\\\/\",\"name\":\"Riclima\",\"description\":\"\",\"potentialAction\":[{\"@type\":\"SearchAction\",\"target\":{\"@type\":\"EntryPoint\",\"urlTemplate\":\"https:\\\/\\\/riclima.ch\\\/de\\\/?s={search_term_string}\"},\"query-input\":{\"@type\":\"PropertyValueSpecification\",\"valueRequired\":true,\"valueName\":\"search_term_string\"}}],\"inLanguage\":\"de\"},{\"@type\":\"Person\",\"@id\":\"https:\\\/\\\/riclima.ch\\\/de\\\/#\\\/schema\\\/person\\\/40894641f0981e49ebe9137d7655583c\",\"name\":\"Davide Trentin\",\"image\":{\"@type\":\"ImageObject\",\"inLanguage\":\"de\",\"@id\":\"https:\\\/\\\/secure.gravatar.com\\\/avatar\\\/a863d33dc56147e197a483503512dc11d6752ecf6786572b1a19bc8dd13bc895?s=96&d=mm&r=g\",\"url\":\"https:\\\/\\\/secure.gravatar.com\\\/avatar\\\/a863d33dc56147e197a483503512dc11d6752ecf6786572b1a19bc8dd13bc895?s=96&d=mm&r=g\",\"contentUrl\":\"https:\\\/\\\/secure.gravatar.com\\\/avatar\\\/a863d33dc56147e197a483503512dc11d6752ecf6786572b1a19bc8dd13bc895?s=96&d=mm&r=g\",\"caption\":\"Davide Trentin\"},\"url\":\"https:\\\/\\\/riclima.ch\\\/de\\\/author\\\/trentin\\\/\"}]}<\/script>\n<!-- \/ Yoast SEO plugin. -->","yoast_head_json":{"title":"Kommerzielles Geb\u00e4ude in Niederglatt, Kanton Z\u00fcrich - Riclima","robots":{"index":"index","follow":"follow","max-snippet":"max-snippet:-1","max-image-preview":"max-image-preview:large","max-video-preview":"max-video-preview:-1"},"canonical":"https:\/\/riclima.ch\/de\/kommerzielles-gebaeude-in-niederglatt-kanton-zuerich\/","og_locale":"de_DE","og_type":"article","og_title":"Kommerzielles Geb\u00e4ude in Niederglatt, Kanton Z\u00fcrich - Riclima","og_description":"Lieferung von 2 reversiblen Luft\/Wasser-W\u00e4rmepumpen zur Au\u00dfenaufstellung (Clivet Large EVO, Typ WiSAN-YEE1). Jedes Ger\u00e4t liefert eine Heizleistung von 230 kW und eine K\u00fchlleistung von 196 kW. Ausgestattet mit dem umweltfreundlichen K\u00e4ltemittel R32 und funktionsf\u00e4hig bis zu einer Au\u00dfentemperatur von -20\u202f\u00b0C.","og_url":"https:\/\/riclima.ch\/de\/kommerzielles-gebaeude-in-niederglatt-kanton-zuerich\/","og_site_name":"Riclima","article_published_time":"2025-04-29T12:03:12+00:00","article_modified_time":"2025-05-12T15:26:08+00:00","og_image":[{"width":1200,"height":675,"url":"https:\/\/riclima.ch\/wp-content\/uploads\/2025\/01\/RiCLIMA_PAG3991-1.jpg","type":"image\/jpeg"}],"author":"Davide Trentin","schema":{"@context":"https:\/\/schema.org","@graph":[{"@type":"Article","@id":"https:\/\/riclima.ch\/de\/kommerzielles-gebaeude-in-niederglatt-kanton-zuerich\/#article","isPartOf":{"@id":"https:\/\/riclima.ch\/de\/kommerzielles-gebaeude-in-niederglatt-kanton-zuerich\/"},"author":{"name":"Davide Trentin","@id":"https:\/\/riclima.ch\/de\/#\/schema\/person\/40894641f0981e49ebe9137d7655583c"},"headline":"Kommerzielles Geb\u00e4ude in Niederglatt, Kanton Z\u00fcrich","datePublished":"2025-04-29T12:03:12+00:00","dateModified":"2025-05-12T15:26:08+00:00","mainEntityOfPage":{"@id":"https:\/\/riclima.ch\/de\/kommerzielles-gebaeude-in-niederglatt-kanton-zuerich\/"},"wordCount":65,"commentCount":0,"image":{"@id":"https:\/\/riclima.ch\/de\/kommerzielles-gebaeude-in-niederglatt-kanton-zuerich\/#primaryimage"},"thumbnailUrl":"https:\/\/riclima.ch\/wp-content\/uploads\/2025\/01\/RiCLIMA_PAG3991-1.jpg","articleSection":["Referenzen"],"inLanguage":"de","potentialAction":[{"@type":"CommentAction","name":"Comment","target":["https:\/\/riclima.ch\/de\/kommerzielles-gebaeude-in-niederglatt-kanton-zuerich\/#respond"]}]},{"@type":"WebPage","@id":"https:\/\/riclima.ch\/de\/kommerzielles-gebaeude-in-niederglatt-kanton-zuerich\/","url":"https:\/\/riclima.ch\/de\/kommerzielles-gebaeude-in-niederglatt-kanton-zuerich\/","name":"Kommerzielles Geb\u00e4ude in Niederglatt, Kanton Z\u00fcrich - Riclima","isPartOf":{"@id":"https:\/\/riclima.ch\/de\/#website"},"primaryImageOfPage":{"@id":"https:\/\/riclima.ch\/de\/kommerzielles-gebaeude-in-niederglatt-kanton-zuerich\/#primaryimage"},"image":{"@id":"https:\/\/riclima.ch\/de\/kommerzielles-gebaeude-in-niederglatt-kanton-zuerich\/#primaryimage"},"thumbnailUrl":"https:\/\/riclima.ch\/wp-content\/uploads\/2025\/01\/RiCLIMA_PAG3991-1.jpg","datePublished":"2025-04-29T12:03:12+00:00","dateModified":"2025-05-12T15:26:08+00:00","author":{"@id":"https:\/\/riclima.ch\/de\/#\/schema\/person\/40894641f0981e49ebe9137d7655583c"},"breadcrumb":{"@id":"https:\/\/riclima.ch\/de\/kommerzielles-gebaeude-in-niederglatt-kanton-zuerich\/#breadcrumb"},"inLanguage":"de","potentialAction":[{"@type":"ReadAction","target":["https:\/\/riclima.ch\/de\/kommerzielles-gebaeude-in-niederglatt-kanton-zuerich\/"]}]},{"@type":"ImageObject","inLanguage":"de","@id":"https:\/\/riclima.ch\/de\/kommerzielles-gebaeude-in-niederglatt-kanton-zuerich\/#primaryimage","url":"https:\/\/riclima.ch\/wp-content\/uploads\/2025\/01\/RiCLIMA_PAG3991-1.jpg","contentUrl":"https:\/\/riclima.ch\/wp-content\/uploads\/2025\/01\/RiCLIMA_PAG3991-1.jpg","width":1200,"height":675},{"@type":"BreadcrumbList","@id":"https:\/\/riclima.ch\/de\/kommerzielles-gebaeude-in-niederglatt-kanton-zuerich\/#breadcrumb","itemListElement":[{"@type":"ListItem","position":1,"name":"Home","item":"https:\/\/riclima.ch\/de\/"},{"@type":"ListItem","position":2,"name":"Kommerzielles Geb\u00e4ude in Niederglatt, Kanton Z\u00fcrich"}]},{"@type":"WebSite","@id":"https:\/\/riclima.ch\/de\/#website","url":"https:\/\/riclima.ch\/de\/","name":"Riclima","description":"","potentialAction":[{"@type":"SearchAction","target":{"@type":"EntryPoint","urlTemplate":"https:\/\/riclima.ch\/de\/?s={search_term_string}"},"query-input":{"@type":"PropertyValueSpecification","valueRequired":true,"valueName":"search_term_string"}}],"inLanguage":"de"},{"@type":"Person","@id":"https:\/\/riclima.ch\/de\/#\/schema\/person\/40894641f0981e49ebe9137d7655583c","name":"Davide Trentin","image":{"@type":"ImageObject","inLanguage":"de","@id":"https:\/\/secure.gravatar.com\/avatar\/a863d33dc56147e197a483503512dc11d6752ecf6786572b1a19bc8dd13bc895?s=96&d=mm&r=g","url":"https:\/\/secure.gravatar.com\/avatar\/a863d33dc56147e197a483503512dc11d6752ecf6786572b1a19bc8dd13bc895?s=96&d=mm&r=g","contentUrl":"https:\/\/secure.gravatar.com\/avatar\/a863d33dc56147e197a483503512dc11d6752ecf6786572b1a19bc8dd13bc895?s=96&d=mm&r=g","caption":"Davide Trentin"},"url":"https:\/\/riclima.ch\/de\/author\/trentin\/"}]}},"_links":{"self":[{"href":"https:\/\/riclima.ch\/de\/wp-json\/wp\/v2\/posts\/9167","targetHints":{"allow":["GET"]}}],"collection":[{"href":"https:\/\/riclima.ch\/de\/wp-json\/wp\/v2\/posts"}],"about":[{"href":"https:\/\/riclima.ch\/de\/wp-json\/wp\/v2\/types\/post"}],"author":[{"embeddable":true,"href":"https:\/\/riclima.ch\/de\/wp-json\/wp\/v2\/users\/5"}],"replies":[{"embeddable":true,"href":"https:\/\/riclima.ch\/de\/wp-json\/wp\/v2\/comments?post=9167"}],"version-history":[{"count":4,"href":"https:\/\/riclima.ch\/de\/wp-json\/wp\/v2\/posts\/9167\/revisions"}],"predecessor-version":[{"id":9264,"href":"https:\/\/riclima.ch\/de\/wp-json\/wp\/v2\/posts\/9167\/revisions\/9264"}],"wp:featuredmedia":[{"embeddable":true,"href":"https:\/\/riclima.ch\/de\/wp-json\/wp\/v2\/media\/9262"}],"wp:attachment":[{"href":"https:\/\/riclima.ch\/de\/wp-json\/wp\/v2\/media?parent=9167"}],"wp:term":[{"taxonomy":"category","embeddable":true,"href":"https:\/\/riclima.ch\/de\/wp-json\/wp\/v2\/categories?post=9167"},{"taxonomy":"post_tag","embeddable":true,"href":"https:\/\/riclima.ch\/de\/wp-json\/wp\/v2\/tags?post=9167"}],"curies":[{"name":"wp","href":"https:\/\/api.w.org\/{rel}","templated":true}]}}