{"id":8446,"date":"2020-12-02T11:36:00","date_gmt":"2020-12-02T10:36:00","guid":{"rendered":"https:\/\/staging001.wp-ok.it\/unite-de-ventilation-tres-speciale-pour-un-important-entrepot-pharmaceutique-a-balerna\/"},"modified":"2025-03-31T10:53:08","modified_gmt":"2025-03-31T08:53:08","slug":"unite-de-ventilation-tres-speciale-pour-un-important-entrepot-pharmaceutique-a-balerna","status":"publish","type":"post","link":"https:\/\/riclima.ch\/fr\/unite-de-ventilation-tres-speciale-pour-un-important-entrepot-pharmaceutique-a-balerna\/","title":{"rendered":"Unit\u00e9 de ventilation tr\u00e8s sp\u00e9ciale pour un important entrep\u00f4t pharmaceutique \u00e0 Balerna"},"content":{"rendered":"\n<p>R\u00e9cemment, Riclima a fourni une unit\u00e9 de ventilation de 80 000 m3\/h \u00e0 un entrep\u00f4t de Balerna pour le stockage de substances pharmaceutiques. Le tr\u00e8s grand entrep\u00f4t a besoin d\u2019une temp\u00e9rature constante tout au long de l\u2019ann\u00e9e en tout point. <\/p>\n\n<p>Pour cette raison, l\u2019uniformit\u00e9 des temp\u00e9ratures est surveill\u00e9e par des dizaines de capteurs plac\u00e9s \u00e0 diff\u00e9rentes hauteurs qui, gr\u00e2ce \u00e0 un logiciel sophistiqu\u00e9, contr\u00f4lent le d\u00e9bit d\u2019air de l\u2019unit\u00e9.<\/p>\n\n<p>Les bureaux et les points de chargement sont climatis\u00e9s avec des a\u00e9rothermes Galletti.<\/p>\n","protected":false},"excerpt":{"rendered":"<p>R\u00e9cemment, Riclima a fourni une unit\u00e9 de ventilation de 80 000 m3\/h \u00e0 un entrep\u00f4t de Balerna pour le stockage de substances pharmaceutiques. Le tr\u00e8s grand entrep\u00f4t a besoin d\u2019une temp\u00e9rature constante tout au long de l\u2019ann\u00e9e en tout point. Pour cette raison, l\u2019uniformit\u00e9 des temp\u00e9ratures est surveill\u00e9e par des dizaines de capteurs plac\u00e9s \u00e0 [&hellip;]<\/p>\n","protected":false},"author":2,"featured_media":7094,"comment_status":"open","ping_status":"open","sticky":false,"template":"","format":"standard","meta":{"_acf_changed":false,"footnotes":""},"categories":[79],"tags":[],"class_list":["post-8446","post","type-post","status-publish","format-standard","has-post-thumbnail","hentry","category-references"],"acf":[],"yoast_head":"<!-- This site is optimized with the Yoast SEO plugin v27.4 - https:\/\/yoast.com\/product\/yoast-seo-wordpress\/ -->\n<title>Unit\u00e9 de ventilation tr\u00e8s sp\u00e9ciale pour un important entrep\u00f4t pharmaceutique \u00e0 Balerna - Riclima<\/title>\n<meta name=\"robots\" content=\"index, follow, max-snippet:-1, max-image-preview:large, max-video-preview:-1\" \/>\n<link rel=\"canonical\" href=\"https:\/\/riclima.ch\/fr\/unite-de-ventilation-tres-speciale-pour-un-important-entrepot-pharmaceutique-a-balerna\/\" \/>\n<meta property=\"og:locale\" content=\"fr_FR\" \/>\n<meta property=\"og:type\" content=\"article\" \/>\n<meta property=\"og:title\" content=\"Unit\u00e9 de ventilation tr\u00e8s sp\u00e9ciale pour un important entrep\u00f4t pharmaceutique \u00e0 Balerna - Riclima\" \/>\n<meta property=\"og:description\" content=\"R\u00e9cemment, Riclima a fourni une unit\u00e9 de ventilation de 80 000 m3\/h \u00e0 un entrep\u00f4t de Balerna pour le stockage de substances pharmaceutiques. Le tr\u00e8s grand entrep\u00f4t a besoin d\u2019une temp\u00e9rature constante tout au long de l\u2019ann\u00e9e en tout point. Pour cette raison, l\u2019uniformit\u00e9 des temp\u00e9ratures est surveill\u00e9e par des dizaines de capteurs plac\u00e9s \u00e0 [&hellip;]\" \/>\n<meta property=\"og:url\" content=\"https:\/\/riclima.ch\/fr\/unite-de-ventilation-tres-speciale-pour-un-important-entrepot-pharmaceutique-a-balerna\/\" \/>\n<meta property=\"og:site_name\" content=\"Riclima\" \/>\n<meta property=\"article:published_time\" content=\"2020-12-02T10:36:00+00:00\" \/>\n<meta property=\"article:modified_time\" content=\"2025-03-31T08:53:08+00:00\" \/>\n<meta property=\"og:image\" content=\"https:\/\/riclima.ch\/wp-content\/uploads\/2021\/01\/Plazer-UTA-e1610984495225-scaled.jpg\" \/>\n\t<meta property=\"og:image:width\" content=\"2560\" \/>\n\t<meta property=\"og:image:height\" content=\"1920\" \/>\n\t<meta property=\"og:image:type\" content=\"image\/jpeg\" \/>\n<meta name=\"author\" content=\"Davidech\" \/>\n<script type=\"application\/ld+json\" class=\"yoast-schema-graph\">{\"@context\":\"https:\\\/\\\/schema.org\",\"@graph\":[{\"@type\":\"Article\",\"@id\":\"https:\\\/\\\/riclima.ch\\\/fr\\\/unite-de-ventilation-tres-speciale-pour-un-important-entrepot-pharmaceutique-a-balerna\\\/#article\",\"isPartOf\":{\"@id\":\"https:\\\/\\\/riclima.ch\\\/fr\\\/unite-de-ventilation-tres-speciale-pour-un-important-entrepot-pharmaceutique-a-balerna\\\/\"},\"author\":{\"name\":\"Davidech\",\"@id\":\"https:\\\/\\\/riclima.ch\\\/fr\\\/#\\\/schema\\\/person\\\/1f17c4141d000200d0ec223caf9bb578\"},\"headline\":\"Unit\u00e9 de ventilation tr\u00e8s sp\u00e9ciale pour un important entrep\u00f4t pharmaceutique \u00e0 Balerna\",\"datePublished\":\"2020-12-02T10:36:00+00:00\",\"dateModified\":\"2025-03-31T08:53:08+00:00\",\"mainEntityOfPage\":{\"@id\":\"https:\\\/\\\/riclima.ch\\\/fr\\\/unite-de-ventilation-tres-speciale-pour-un-important-entrepot-pharmaceutique-a-balerna\\\/\"},\"wordCount\":112,\"commentCount\":0,\"image\":{\"@id\":\"https:\\\/\\\/riclima.ch\\\/fr\\\/unite-de-ventilation-tres-speciale-pour-un-important-entrepot-pharmaceutique-a-balerna\\\/#primaryimage\"},\"thumbnailUrl\":\"https:\\\/\\\/riclima.ch\\\/wp-content\\\/uploads\\\/2021\\\/01\\\/Plazer-UTA-e1610984495225-scaled.jpg\",\"articleSection\":[\"R\u00e9f\u00e9rences\"],\"inLanguage\":\"fr-FR\",\"potentialAction\":[{\"@type\":\"CommentAction\",\"name\":\"Comment\",\"target\":[\"https:\\\/\\\/riclima.ch\\\/fr\\\/unite-de-ventilation-tres-speciale-pour-un-important-entrepot-pharmaceutique-a-balerna\\\/#respond\"]}]},{\"@type\":\"WebPage\",\"@id\":\"https:\\\/\\\/riclima.ch\\\/fr\\\/unite-de-ventilation-tres-speciale-pour-un-important-entrepot-pharmaceutique-a-balerna\\\/\",\"url\":\"https:\\\/\\\/riclima.ch\\\/fr\\\/unite-de-ventilation-tres-speciale-pour-un-important-entrepot-pharmaceutique-a-balerna\\\/\",\"name\":\"Unit\u00e9 de ventilation tr\u00e8s sp\u00e9ciale pour un important entrep\u00f4t pharmaceutique \u00e0 Balerna - Riclima\",\"isPartOf\":{\"@id\":\"https:\\\/\\\/riclima.ch\\\/fr\\\/#website\"},\"primaryImageOfPage\":{\"@id\":\"https:\\\/\\\/riclima.ch\\\/fr\\\/unite-de-ventilation-tres-speciale-pour-un-important-entrepot-pharmaceutique-a-balerna\\\/#primaryimage\"},\"image\":{\"@id\":\"https:\\\/\\\/riclima.ch\\\/fr\\\/unite-de-ventilation-tres-speciale-pour-un-important-entrepot-pharmaceutique-a-balerna\\\/#primaryimage\"},\"thumbnailUrl\":\"https:\\\/\\\/riclima.ch\\\/wp-content\\\/uploads\\\/2021\\\/01\\\/Plazer-UTA-e1610984495225-scaled.jpg\",\"datePublished\":\"2020-12-02T10:36:00+00:00\",\"dateModified\":\"2025-03-31T08:53:08+00:00\",\"author\":{\"@id\":\"https:\\\/\\\/riclima.ch\\\/fr\\\/#\\\/schema\\\/person\\\/1f17c4141d000200d0ec223caf9bb578\"},\"breadcrumb\":{\"@id\":\"https:\\\/\\\/riclima.ch\\\/fr\\\/unite-de-ventilation-tres-speciale-pour-un-important-entrepot-pharmaceutique-a-balerna\\\/#breadcrumb\"},\"inLanguage\":\"fr-FR\",\"potentialAction\":[{\"@type\":\"ReadAction\",\"target\":[\"https:\\\/\\\/riclima.ch\\\/fr\\\/unite-de-ventilation-tres-speciale-pour-un-important-entrepot-pharmaceutique-a-balerna\\\/\"]}]},{\"@type\":\"ImageObject\",\"inLanguage\":\"fr-FR\",\"@id\":\"https:\\\/\\\/riclima.ch\\\/fr\\\/unite-de-ventilation-tres-speciale-pour-un-important-entrepot-pharmaceutique-a-balerna\\\/#primaryimage\",\"url\":\"https:\\\/\\\/riclima.ch\\\/wp-content\\\/uploads\\\/2021\\\/01\\\/Plazer-UTA-e1610984495225-scaled.jpg\",\"contentUrl\":\"https:\\\/\\\/riclima.ch\\\/wp-content\\\/uploads\\\/2021\\\/01\\\/Plazer-UTA-e1610984495225-scaled.jpg\",\"width\":2560,\"height\":1920},{\"@type\":\"BreadcrumbList\",\"@id\":\"https:\\\/\\\/riclima.ch\\\/fr\\\/unite-de-ventilation-tres-speciale-pour-un-important-entrepot-pharmaceutique-a-balerna\\\/#breadcrumb\",\"itemListElement\":[{\"@type\":\"ListItem\",\"position\":1,\"name\":\"Home\",\"item\":\"https:\\\/\\\/riclima.ch\\\/fr\\\/\"},{\"@type\":\"ListItem\",\"position\":2,\"name\":\"Unit\u00e9 de ventilation tr\u00e8s sp\u00e9ciale pour un important entrep\u00f4t pharmaceutique \u00e0 Balerna\"}]},{\"@type\":\"WebSite\",\"@id\":\"https:\\\/\\\/riclima.ch\\\/fr\\\/#website\",\"url\":\"https:\\\/\\\/riclima.ch\\\/fr\\\/\",\"name\":\"Riclima\",\"description\":\"\",\"potentialAction\":[{\"@type\":\"SearchAction\",\"target\":{\"@type\":\"EntryPoint\",\"urlTemplate\":\"https:\\\/\\\/riclima.ch\\\/fr\\\/?s={search_term_string}\"},\"query-input\":{\"@type\":\"PropertyValueSpecification\",\"valueRequired\":true,\"valueName\":\"search_term_string\"}}],\"inLanguage\":\"fr-FR\"},{\"@type\":\"Person\",\"@id\":\"https:\\\/\\\/riclima.ch\\\/fr\\\/#\\\/schema\\\/person\\\/1f17c4141d000200d0ec223caf9bb578\",\"name\":\"Davidech\",\"image\":{\"@type\":\"ImageObject\",\"inLanguage\":\"fr-FR\",\"@id\":\"https:\\\/\\\/secure.gravatar.com\\\/avatar\\\/82a9646b294d15eca13ed42f9d3328c3c0ddbab7bf38a14db82fd470e3f58209?s=96&d=mm&r=g\",\"url\":\"https:\\\/\\\/secure.gravatar.com\\\/avatar\\\/82a9646b294d15eca13ed42f9d3328c3c0ddbab7bf38a14db82fd470e3f58209?s=96&d=mm&r=g\",\"contentUrl\":\"https:\\\/\\\/secure.gravatar.com\\\/avatar\\\/82a9646b294d15eca13ed42f9d3328c3c0ddbab7bf38a14db82fd470e3f58209?s=96&d=mm&r=g\",\"caption\":\"Davidech\"},\"url\":\"https:\\\/\\\/riclima.ch\\\/fr\\\/author\\\/davidech\\\/\"}]}<\/script>\n<!-- \/ Yoast SEO plugin. -->","yoast_head_json":{"title":"Unit\u00e9 de ventilation tr\u00e8s sp\u00e9ciale pour un important entrep\u00f4t pharmaceutique \u00e0 Balerna - Riclima","robots":{"index":"index","follow":"follow","max-snippet":"max-snippet:-1","max-image-preview":"max-image-preview:large","max-video-preview":"max-video-preview:-1"},"canonical":"https:\/\/riclima.ch\/fr\/unite-de-ventilation-tres-speciale-pour-un-important-entrepot-pharmaceutique-a-balerna\/","og_locale":"fr_FR","og_type":"article","og_title":"Unit\u00e9 de ventilation tr\u00e8s sp\u00e9ciale pour un important entrep\u00f4t pharmaceutique \u00e0 Balerna - Riclima","og_description":"R\u00e9cemment, Riclima a fourni une unit\u00e9 de ventilation de 80 000 m3\/h \u00e0 un entrep\u00f4t de Balerna pour le stockage de substances pharmaceutiques. Le tr\u00e8s grand entrep\u00f4t a besoin d\u2019une temp\u00e9rature constante tout au long de l\u2019ann\u00e9e en tout point. Pour cette raison, l\u2019uniformit\u00e9 des temp\u00e9ratures est surveill\u00e9e par des dizaines de capteurs plac\u00e9s \u00e0 [&hellip;]","og_url":"https:\/\/riclima.ch\/fr\/unite-de-ventilation-tres-speciale-pour-un-important-entrepot-pharmaceutique-a-balerna\/","og_site_name":"Riclima","article_published_time":"2020-12-02T10:36:00+00:00","article_modified_time":"2025-03-31T08:53:08+00:00","og_image":[{"width":2560,"height":1920,"url":"https:\/\/riclima.ch\/wp-content\/uploads\/2021\/01\/Plazer-UTA-e1610984495225-scaled.jpg","type":"image\/jpeg"}],"author":"Davidech","schema":{"@context":"https:\/\/schema.org","@graph":[{"@type":"Article","@id":"https:\/\/riclima.ch\/fr\/unite-de-ventilation-tres-speciale-pour-un-important-entrepot-pharmaceutique-a-balerna\/#article","isPartOf":{"@id":"https:\/\/riclima.ch\/fr\/unite-de-ventilation-tres-speciale-pour-un-important-entrepot-pharmaceutique-a-balerna\/"},"author":{"name":"Davidech","@id":"https:\/\/riclima.ch\/fr\/#\/schema\/person\/1f17c4141d000200d0ec223caf9bb578"},"headline":"Unit\u00e9 de ventilation tr\u00e8s sp\u00e9ciale pour un important entrep\u00f4t pharmaceutique \u00e0 Balerna","datePublished":"2020-12-02T10:36:00+00:00","dateModified":"2025-03-31T08:53:08+00:00","mainEntityOfPage":{"@id":"https:\/\/riclima.ch\/fr\/unite-de-ventilation-tres-speciale-pour-un-important-entrepot-pharmaceutique-a-balerna\/"},"wordCount":112,"commentCount":0,"image":{"@id":"https:\/\/riclima.ch\/fr\/unite-de-ventilation-tres-speciale-pour-un-important-entrepot-pharmaceutique-a-balerna\/#primaryimage"},"thumbnailUrl":"https:\/\/riclima.ch\/wp-content\/uploads\/2021\/01\/Plazer-UTA-e1610984495225-scaled.jpg","articleSection":["R\u00e9f\u00e9rences"],"inLanguage":"fr-FR","potentialAction":[{"@type":"CommentAction","name":"Comment","target":["https:\/\/riclima.ch\/fr\/unite-de-ventilation-tres-speciale-pour-un-important-entrepot-pharmaceutique-a-balerna\/#respond"]}]},{"@type":"WebPage","@id":"https:\/\/riclima.ch\/fr\/unite-de-ventilation-tres-speciale-pour-un-important-entrepot-pharmaceutique-a-balerna\/","url":"https:\/\/riclima.ch\/fr\/unite-de-ventilation-tres-speciale-pour-un-important-entrepot-pharmaceutique-a-balerna\/","name":"Unit\u00e9 de ventilation tr\u00e8s sp\u00e9ciale pour un important entrep\u00f4t pharmaceutique \u00e0 Balerna - Riclima","isPartOf":{"@id":"https:\/\/riclima.ch\/fr\/#website"},"primaryImageOfPage":{"@id":"https:\/\/riclima.ch\/fr\/unite-de-ventilation-tres-speciale-pour-un-important-entrepot-pharmaceutique-a-balerna\/#primaryimage"},"image":{"@id":"https:\/\/riclima.ch\/fr\/unite-de-ventilation-tres-speciale-pour-un-important-entrepot-pharmaceutique-a-balerna\/#primaryimage"},"thumbnailUrl":"https:\/\/riclima.ch\/wp-content\/uploads\/2021\/01\/Plazer-UTA-e1610984495225-scaled.jpg","datePublished":"2020-12-02T10:36:00+00:00","dateModified":"2025-03-31T08:53:08+00:00","author":{"@id":"https:\/\/riclima.ch\/fr\/#\/schema\/person\/1f17c4141d000200d0ec223caf9bb578"},"breadcrumb":{"@id":"https:\/\/riclima.ch\/fr\/unite-de-ventilation-tres-speciale-pour-un-important-entrepot-pharmaceutique-a-balerna\/#breadcrumb"},"inLanguage":"fr-FR","potentialAction":[{"@type":"ReadAction","target":["https:\/\/riclima.ch\/fr\/unite-de-ventilation-tres-speciale-pour-un-important-entrepot-pharmaceutique-a-balerna\/"]}]},{"@type":"ImageObject","inLanguage":"fr-FR","@id":"https:\/\/riclima.ch\/fr\/unite-de-ventilation-tres-speciale-pour-un-important-entrepot-pharmaceutique-a-balerna\/#primaryimage","url":"https:\/\/riclima.ch\/wp-content\/uploads\/2021\/01\/Plazer-UTA-e1610984495225-scaled.jpg","contentUrl":"https:\/\/riclima.ch\/wp-content\/uploads\/2021\/01\/Plazer-UTA-e1610984495225-scaled.jpg","width":2560,"height":1920},{"@type":"BreadcrumbList","@id":"https:\/\/riclima.ch\/fr\/unite-de-ventilation-tres-speciale-pour-un-important-entrepot-pharmaceutique-a-balerna\/#breadcrumb","itemListElement":[{"@type":"ListItem","position":1,"name":"Home","item":"https:\/\/riclima.ch\/fr\/"},{"@type":"ListItem","position":2,"name":"Unit\u00e9 de ventilation tr\u00e8s sp\u00e9ciale pour un important entrep\u00f4t pharmaceutique \u00e0 Balerna"}]},{"@type":"WebSite","@id":"https:\/\/riclima.ch\/fr\/#website","url":"https:\/\/riclima.ch\/fr\/","name":"Riclima","description":"","potentialAction":[{"@type":"SearchAction","target":{"@type":"EntryPoint","urlTemplate":"https:\/\/riclima.ch\/fr\/?s={search_term_string}"},"query-input":{"@type":"PropertyValueSpecification","valueRequired":true,"valueName":"search_term_string"}}],"inLanguage":"fr-FR"},{"@type":"Person","@id":"https:\/\/riclima.ch\/fr\/#\/schema\/person\/1f17c4141d000200d0ec223caf9bb578","name":"Davidech","image":{"@type":"ImageObject","inLanguage":"fr-FR","@id":"https:\/\/secure.gravatar.com\/avatar\/82a9646b294d15eca13ed42f9d3328c3c0ddbab7bf38a14db82fd470e3f58209?s=96&d=mm&r=g","url":"https:\/\/secure.gravatar.com\/avatar\/82a9646b294d15eca13ed42f9d3328c3c0ddbab7bf38a14db82fd470e3f58209?s=96&d=mm&r=g","contentUrl":"https:\/\/secure.gravatar.com\/avatar\/82a9646b294d15eca13ed42f9d3328c3c0ddbab7bf38a14db82fd470e3f58209?s=96&d=mm&r=g","caption":"Davidech"},"url":"https:\/\/riclima.ch\/fr\/author\/davidech\/"}]}},"_links":{"self":[{"href":"https:\/\/riclima.ch\/fr\/wp-json\/wp\/v2\/posts\/8446","targetHints":{"allow":["GET"]}}],"collection":[{"href":"https:\/\/riclima.ch\/fr\/wp-json\/wp\/v2\/posts"}],"about":[{"href":"https:\/\/riclima.ch\/fr\/wp-json\/wp\/v2\/types\/post"}],"author":[{"embeddable":true,"href":"https:\/\/riclima.ch\/fr\/wp-json\/wp\/v2\/users\/2"}],"replies":[{"embeddable":true,"href":"https:\/\/riclima.ch\/fr\/wp-json\/wp\/v2\/comments?post=8446"}],"version-history":[{"count":1,"href":"https:\/\/riclima.ch\/fr\/wp-json\/wp\/v2\/posts\/8446\/revisions"}],"predecessor-version":[{"id":8447,"href":"https:\/\/riclima.ch\/fr\/wp-json\/wp\/v2\/posts\/8446\/revisions\/8447"}],"wp:featuredmedia":[{"embeddable":true,"href":"https:\/\/riclima.ch\/fr\/wp-json\/wp\/v2\/media\/7094"}],"wp:attachment":[{"href":"https:\/\/riclima.ch\/fr\/wp-json\/wp\/v2\/media?parent=8446"}],"wp:term":[{"taxonomy":"category","embeddable":true,"href":"https:\/\/riclima.ch\/fr\/wp-json\/wp\/v2\/categories?post=8446"},{"taxonomy":"post_tag","embeddable":true,"href":"https:\/\/riclima.ch\/fr\/wp-json\/wp\/v2\/tags?post=8446"}],"curies":[{"name":"wp","href":"https:\/\/api.w.org\/{rel}","templated":true}]}}