{"id":8450,"date":"2020-12-02T11:31:00","date_gmt":"2020-12-02T10:31:00","guid":{"rendered":"https:\/\/staging001.wp-ok.it\/unite-a-r290-pour-la-planzer-a-balerna\/"},"modified":"2025-03-31T10:55:13","modified_gmt":"2025-03-31T08:55:13","slug":"unite-a-r290-pour-la-planzer-a-balerna","status":"publish","type":"post","link":"https:\/\/riclima.ch\/fr\/unite-a-r290-pour-la-planzer-a-balerna\/","title":{"rendered":"Unit\u00e9 \u00e0 R290 pour la Planzer \u00e0 Balerna"},"content":{"rendered":"\n<p>La tendance dans l\u2019utilisation du propane (r\u00e9frig\u00e9rant naturel) se fait \u00e9galement sentir dans notre canton, r\u00e9cemment Planzer a choisi une pompe \u00e0 chaleur R290 pour la climatisation d\u2019un grand entrep\u00f4t, c\u2019est l\u2019un des premiers syst\u00e8mes de notre canton avec ce type de r\u00e9frig\u00e9rant.<\/p>\n\n<p>La conception de l\u2019usine a \u00e9t\u00e9 r\u00e9alis\u00e9e par le bureau d\u2019ing\u00e9nierie Asmus et l\u2019installation par Bouygues E&amp;S InTec Suisse SA.<\/p>\n\n<figure class=\"wp-block-image size-large\"><img fetchpriority=\"high\" decoding=\"async\" width=\"1024\" height=\"768\" src=\"https:\/\/riclima.ch\/wp-content\/uploads\/2021\/01\/ibsa2-e1611134758413-1024x768.jpg\" alt=\"\" class=\"wp-image-4145\" srcset=\"https:\/\/riclima.ch\/wp-content\/uploads\/2021\/01\/ibsa2-e1611134758413-1024x768.jpg 1024w, https:\/\/riclima.ch\/wp-content\/uploads\/2021\/01\/ibsa2-e1611134758413-300x225.jpg 300w, https:\/\/riclima.ch\/wp-content\/uploads\/2021\/01\/ibsa2-e1611134758413-768x576.jpg 768w, https:\/\/riclima.ch\/wp-content\/uploads\/2021\/01\/ibsa2-e1611134758413-1536x1152.jpg 1536w, https:\/\/riclima.ch\/wp-content\/uploads\/2021\/01\/ibsa2-e1611134758413.jpg 2016w\" sizes=\"(max-width: 1024px) 100vw, 1024px\" \/><\/figure>\n","protected":false},"excerpt":{"rendered":"<p>La tendance dans l\u2019utilisation du propane (r\u00e9frig\u00e9rant naturel) se fait \u00e9galement sentir dans notre canton, r\u00e9cemment Planzer a choisi une pompe \u00e0 chaleur R290 pour la climatisation d\u2019un grand entrep\u00f4t, c\u2019est l\u2019un des premiers syst\u00e8mes de notre canton avec ce type de r\u00e9frig\u00e9rant. La conception de l\u2019usine a \u00e9t\u00e9 r\u00e9alis\u00e9e par le bureau d\u2019ing\u00e9nierie Asmus [&hellip;]<\/p>\n","protected":false},"author":2,"featured_media":7082,"comment_status":"open","ping_status":"open","sticky":false,"template":"","format":"standard","meta":{"_acf_changed":false,"footnotes":""},"categories":[79],"tags":[],"class_list":["post-8450","post","type-post","status-publish","format-standard","has-post-thumbnail","hentry","category-references"],"acf":[],"yoast_head":"<!-- This site is optimized with the Yoast SEO plugin v27.4 - https:\/\/yoast.com\/product\/yoast-seo-wordpress\/ -->\n<title>Unit\u00e9 \u00e0 R290 pour la Planzer \u00e0 Balerna - Riclima<\/title>\n<meta name=\"robots\" content=\"index, follow, max-snippet:-1, max-image-preview:large, max-video-preview:-1\" \/>\n<link rel=\"canonical\" href=\"https:\/\/riclima.ch\/fr\/unite-a-r290-pour-la-planzer-a-balerna\/\" \/>\n<meta property=\"og:locale\" content=\"fr_FR\" \/>\n<meta property=\"og:type\" content=\"article\" \/>\n<meta property=\"og:title\" content=\"Unit\u00e9 \u00e0 R290 pour la Planzer \u00e0 Balerna - Riclima\" \/>\n<meta property=\"og:description\" content=\"La tendance dans l\u2019utilisation du propane (r\u00e9frig\u00e9rant naturel) se fait \u00e9galement sentir dans notre canton, r\u00e9cemment Planzer a choisi une pompe \u00e0 chaleur R290 pour la climatisation d\u2019un grand entrep\u00f4t, c\u2019est l\u2019un des premiers syst\u00e8mes de notre canton avec ce type de r\u00e9frig\u00e9rant. La conception de l\u2019usine a \u00e9t\u00e9 r\u00e9alis\u00e9e par le bureau d\u2019ing\u00e9nierie Asmus [&hellip;]\" \/>\n<meta property=\"og:url\" content=\"https:\/\/riclima.ch\/fr\/unite-a-r290-pour-la-planzer-a-balerna\/\" \/>\n<meta property=\"og:site_name\" content=\"Riclima\" \/>\n<meta property=\"article:published_time\" content=\"2020-12-02T10:31:00+00:00\" \/>\n<meta property=\"article:modified_time\" content=\"2025-03-31T08:55:13+00:00\" \/>\n<meta property=\"og:image\" content=\"https:\/\/riclima.ch\/wp-content\/uploads\/2020\/12\/Planzer-e1606904597555.jpg\" \/>\n\t<meta property=\"og:image:width\" content=\"1512\" \/>\n\t<meta property=\"og:image:height\" content=\"2016\" \/>\n\t<meta property=\"og:image:type\" content=\"image\/jpeg\" \/>\n<meta name=\"author\" content=\"Davidech\" \/>\n<script type=\"application\/ld+json\" class=\"yoast-schema-graph\">{\"@context\":\"https:\\\/\\\/schema.org\",\"@graph\":[{\"@type\":\"Article\",\"@id\":\"https:\\\/\\\/riclima.ch\\\/fr\\\/unite-a-r290-pour-la-planzer-a-balerna\\\/#article\",\"isPartOf\":{\"@id\":\"https:\\\/\\\/riclima.ch\\\/fr\\\/unite-a-r290-pour-la-planzer-a-balerna\\\/\"},\"author\":{\"name\":\"Davidech\",\"@id\":\"https:\\\/\\\/riclima.ch\\\/fr\\\/#\\\/schema\\\/person\\\/1f17c4141d000200d0ec223caf9bb578\"},\"headline\":\"Unit\u00e9 \u00e0 R290 pour la Planzer \u00e0 Balerna\",\"datePublished\":\"2020-12-02T10:31:00+00:00\",\"dateModified\":\"2025-03-31T08:55:13+00:00\",\"mainEntityOfPage\":{\"@id\":\"https:\\\/\\\/riclima.ch\\\/fr\\\/unite-a-r290-pour-la-planzer-a-balerna\\\/\"},\"wordCount\":87,\"commentCount\":0,\"image\":{\"@id\":\"https:\\\/\\\/riclima.ch\\\/fr\\\/unite-a-r290-pour-la-planzer-a-balerna\\\/#primaryimage\"},\"thumbnailUrl\":\"https:\\\/\\\/riclima.ch\\\/wp-content\\\/uploads\\\/2020\\\/12\\\/Planzer-e1606904597555.jpg\",\"articleSection\":[\"R\u00e9f\u00e9rences\"],\"inLanguage\":\"fr-FR\",\"potentialAction\":[{\"@type\":\"CommentAction\",\"name\":\"Comment\",\"target\":[\"https:\\\/\\\/riclima.ch\\\/fr\\\/unite-a-r290-pour-la-planzer-a-balerna\\\/#respond\"]}]},{\"@type\":\"WebPage\",\"@id\":\"https:\\\/\\\/riclima.ch\\\/fr\\\/unite-a-r290-pour-la-planzer-a-balerna\\\/\",\"url\":\"https:\\\/\\\/riclima.ch\\\/fr\\\/unite-a-r290-pour-la-planzer-a-balerna\\\/\",\"name\":\"Unit\u00e9 \u00e0 R290 pour la Planzer \u00e0 Balerna - Riclima\",\"isPartOf\":{\"@id\":\"https:\\\/\\\/riclima.ch\\\/fr\\\/#website\"},\"primaryImageOfPage\":{\"@id\":\"https:\\\/\\\/riclima.ch\\\/fr\\\/unite-a-r290-pour-la-planzer-a-balerna\\\/#primaryimage\"},\"image\":{\"@id\":\"https:\\\/\\\/riclima.ch\\\/fr\\\/unite-a-r290-pour-la-planzer-a-balerna\\\/#primaryimage\"},\"thumbnailUrl\":\"https:\\\/\\\/riclima.ch\\\/wp-content\\\/uploads\\\/2020\\\/12\\\/Planzer-e1606904597555.jpg\",\"datePublished\":\"2020-12-02T10:31:00+00:00\",\"dateModified\":\"2025-03-31T08:55:13+00:00\",\"author\":{\"@id\":\"https:\\\/\\\/riclima.ch\\\/fr\\\/#\\\/schema\\\/person\\\/1f17c4141d000200d0ec223caf9bb578\"},\"breadcrumb\":{\"@id\":\"https:\\\/\\\/riclima.ch\\\/fr\\\/unite-a-r290-pour-la-planzer-a-balerna\\\/#breadcrumb\"},\"inLanguage\":\"fr-FR\",\"potentialAction\":[{\"@type\":\"ReadAction\",\"target\":[\"https:\\\/\\\/riclima.ch\\\/fr\\\/unite-a-r290-pour-la-planzer-a-balerna\\\/\"]}]},{\"@type\":\"ImageObject\",\"inLanguage\":\"fr-FR\",\"@id\":\"https:\\\/\\\/riclima.ch\\\/fr\\\/unite-a-r290-pour-la-planzer-a-balerna\\\/#primaryimage\",\"url\":\"https:\\\/\\\/riclima.ch\\\/wp-content\\\/uploads\\\/2020\\\/12\\\/Planzer-e1606904597555.jpg\",\"contentUrl\":\"https:\\\/\\\/riclima.ch\\\/wp-content\\\/uploads\\\/2020\\\/12\\\/Planzer-e1606904597555.jpg\",\"width\":1512,\"height\":2016},{\"@type\":\"BreadcrumbList\",\"@id\":\"https:\\\/\\\/riclima.ch\\\/fr\\\/unite-a-r290-pour-la-planzer-a-balerna\\\/#breadcrumb\",\"itemListElement\":[{\"@type\":\"ListItem\",\"position\":1,\"name\":\"Home\",\"item\":\"https:\\\/\\\/riclima.ch\\\/fr\\\/\"},{\"@type\":\"ListItem\",\"position\":2,\"name\":\"Unit\u00e9 \u00e0 R290 pour la Planzer \u00e0 Balerna\"}]},{\"@type\":\"WebSite\",\"@id\":\"https:\\\/\\\/riclima.ch\\\/fr\\\/#website\",\"url\":\"https:\\\/\\\/riclima.ch\\\/fr\\\/\",\"name\":\"Riclima\",\"description\":\"\",\"potentialAction\":[{\"@type\":\"SearchAction\",\"target\":{\"@type\":\"EntryPoint\",\"urlTemplate\":\"https:\\\/\\\/riclima.ch\\\/fr\\\/?s={search_term_string}\"},\"query-input\":{\"@type\":\"PropertyValueSpecification\",\"valueRequired\":true,\"valueName\":\"search_term_string\"}}],\"inLanguage\":\"fr-FR\"},{\"@type\":\"Person\",\"@id\":\"https:\\\/\\\/riclima.ch\\\/fr\\\/#\\\/schema\\\/person\\\/1f17c4141d000200d0ec223caf9bb578\",\"name\":\"Davidech\",\"image\":{\"@type\":\"ImageObject\",\"inLanguage\":\"fr-FR\",\"@id\":\"https:\\\/\\\/secure.gravatar.com\\\/avatar\\\/82a9646b294d15eca13ed42f9d3328c3c0ddbab7bf38a14db82fd470e3f58209?s=96&d=mm&r=g\",\"url\":\"https:\\\/\\\/secure.gravatar.com\\\/avatar\\\/82a9646b294d15eca13ed42f9d3328c3c0ddbab7bf38a14db82fd470e3f58209?s=96&d=mm&r=g\",\"contentUrl\":\"https:\\\/\\\/secure.gravatar.com\\\/avatar\\\/82a9646b294d15eca13ed42f9d3328c3c0ddbab7bf38a14db82fd470e3f58209?s=96&d=mm&r=g\",\"caption\":\"Davidech\"},\"url\":\"https:\\\/\\\/riclima.ch\\\/fr\\\/author\\\/davidech\\\/\"}]}<\/script>\n<!-- \/ Yoast SEO plugin. -->","yoast_head_json":{"title":"Unit\u00e9 \u00e0 R290 pour la Planzer \u00e0 Balerna - Riclima","robots":{"index":"index","follow":"follow","max-snippet":"max-snippet:-1","max-image-preview":"max-image-preview:large","max-video-preview":"max-video-preview:-1"},"canonical":"https:\/\/riclima.ch\/fr\/unite-a-r290-pour-la-planzer-a-balerna\/","og_locale":"fr_FR","og_type":"article","og_title":"Unit\u00e9 \u00e0 R290 pour la Planzer \u00e0 Balerna - Riclima","og_description":"La tendance dans l\u2019utilisation du propane (r\u00e9frig\u00e9rant naturel) se fait \u00e9galement sentir dans notre canton, r\u00e9cemment Planzer a choisi une pompe \u00e0 chaleur R290 pour la climatisation d\u2019un grand entrep\u00f4t, c\u2019est l\u2019un des premiers syst\u00e8mes de notre canton avec ce type de r\u00e9frig\u00e9rant. La conception de l\u2019usine a \u00e9t\u00e9 r\u00e9alis\u00e9e par le bureau d\u2019ing\u00e9nierie Asmus [&hellip;]","og_url":"https:\/\/riclima.ch\/fr\/unite-a-r290-pour-la-planzer-a-balerna\/","og_site_name":"Riclima","article_published_time":"2020-12-02T10:31:00+00:00","article_modified_time":"2025-03-31T08:55:13+00:00","og_image":[{"width":1512,"height":2016,"url":"https:\/\/riclima.ch\/wp-content\/uploads\/2020\/12\/Planzer-e1606904597555.jpg","type":"image\/jpeg"}],"author":"Davidech","schema":{"@context":"https:\/\/schema.org","@graph":[{"@type":"Article","@id":"https:\/\/riclima.ch\/fr\/unite-a-r290-pour-la-planzer-a-balerna\/#article","isPartOf":{"@id":"https:\/\/riclima.ch\/fr\/unite-a-r290-pour-la-planzer-a-balerna\/"},"author":{"name":"Davidech","@id":"https:\/\/riclima.ch\/fr\/#\/schema\/person\/1f17c4141d000200d0ec223caf9bb578"},"headline":"Unit\u00e9 \u00e0 R290 pour la Planzer \u00e0 Balerna","datePublished":"2020-12-02T10:31:00+00:00","dateModified":"2025-03-31T08:55:13+00:00","mainEntityOfPage":{"@id":"https:\/\/riclima.ch\/fr\/unite-a-r290-pour-la-planzer-a-balerna\/"},"wordCount":87,"commentCount":0,"image":{"@id":"https:\/\/riclima.ch\/fr\/unite-a-r290-pour-la-planzer-a-balerna\/#primaryimage"},"thumbnailUrl":"https:\/\/riclima.ch\/wp-content\/uploads\/2020\/12\/Planzer-e1606904597555.jpg","articleSection":["R\u00e9f\u00e9rences"],"inLanguage":"fr-FR","potentialAction":[{"@type":"CommentAction","name":"Comment","target":["https:\/\/riclima.ch\/fr\/unite-a-r290-pour-la-planzer-a-balerna\/#respond"]}]},{"@type":"WebPage","@id":"https:\/\/riclima.ch\/fr\/unite-a-r290-pour-la-planzer-a-balerna\/","url":"https:\/\/riclima.ch\/fr\/unite-a-r290-pour-la-planzer-a-balerna\/","name":"Unit\u00e9 \u00e0 R290 pour la Planzer \u00e0 Balerna - Riclima","isPartOf":{"@id":"https:\/\/riclima.ch\/fr\/#website"},"primaryImageOfPage":{"@id":"https:\/\/riclima.ch\/fr\/unite-a-r290-pour-la-planzer-a-balerna\/#primaryimage"},"image":{"@id":"https:\/\/riclima.ch\/fr\/unite-a-r290-pour-la-planzer-a-balerna\/#primaryimage"},"thumbnailUrl":"https:\/\/riclima.ch\/wp-content\/uploads\/2020\/12\/Planzer-e1606904597555.jpg","datePublished":"2020-12-02T10:31:00+00:00","dateModified":"2025-03-31T08:55:13+00:00","author":{"@id":"https:\/\/riclima.ch\/fr\/#\/schema\/person\/1f17c4141d000200d0ec223caf9bb578"},"breadcrumb":{"@id":"https:\/\/riclima.ch\/fr\/unite-a-r290-pour-la-planzer-a-balerna\/#breadcrumb"},"inLanguage":"fr-FR","potentialAction":[{"@type":"ReadAction","target":["https:\/\/riclima.ch\/fr\/unite-a-r290-pour-la-planzer-a-balerna\/"]}]},{"@type":"ImageObject","inLanguage":"fr-FR","@id":"https:\/\/riclima.ch\/fr\/unite-a-r290-pour-la-planzer-a-balerna\/#primaryimage","url":"https:\/\/riclima.ch\/wp-content\/uploads\/2020\/12\/Planzer-e1606904597555.jpg","contentUrl":"https:\/\/riclima.ch\/wp-content\/uploads\/2020\/12\/Planzer-e1606904597555.jpg","width":1512,"height":2016},{"@type":"BreadcrumbList","@id":"https:\/\/riclima.ch\/fr\/unite-a-r290-pour-la-planzer-a-balerna\/#breadcrumb","itemListElement":[{"@type":"ListItem","position":1,"name":"Home","item":"https:\/\/riclima.ch\/fr\/"},{"@type":"ListItem","position":2,"name":"Unit\u00e9 \u00e0 R290 pour la Planzer \u00e0 Balerna"}]},{"@type":"WebSite","@id":"https:\/\/riclima.ch\/fr\/#website","url":"https:\/\/riclima.ch\/fr\/","name":"Riclima","description":"","potentialAction":[{"@type":"SearchAction","target":{"@type":"EntryPoint","urlTemplate":"https:\/\/riclima.ch\/fr\/?s={search_term_string}"},"query-input":{"@type":"PropertyValueSpecification","valueRequired":true,"valueName":"search_term_string"}}],"inLanguage":"fr-FR"},{"@type":"Person","@id":"https:\/\/riclima.ch\/fr\/#\/schema\/person\/1f17c4141d000200d0ec223caf9bb578","name":"Davidech","image":{"@type":"ImageObject","inLanguage":"fr-FR","@id":"https:\/\/secure.gravatar.com\/avatar\/82a9646b294d15eca13ed42f9d3328c3c0ddbab7bf38a14db82fd470e3f58209?s=96&d=mm&r=g","url":"https:\/\/secure.gravatar.com\/avatar\/82a9646b294d15eca13ed42f9d3328c3c0ddbab7bf38a14db82fd470e3f58209?s=96&d=mm&r=g","contentUrl":"https:\/\/secure.gravatar.com\/avatar\/82a9646b294d15eca13ed42f9d3328c3c0ddbab7bf38a14db82fd470e3f58209?s=96&d=mm&r=g","caption":"Davidech"},"url":"https:\/\/riclima.ch\/fr\/author\/davidech\/"}]}},"_links":{"self":[{"href":"https:\/\/riclima.ch\/fr\/wp-json\/wp\/v2\/posts\/8450","targetHints":{"allow":["GET"]}}],"collection":[{"href":"https:\/\/riclima.ch\/fr\/wp-json\/wp\/v2\/posts"}],"about":[{"href":"https:\/\/riclima.ch\/fr\/wp-json\/wp\/v2\/types\/post"}],"author":[{"embeddable":true,"href":"https:\/\/riclima.ch\/fr\/wp-json\/wp\/v2\/users\/2"}],"replies":[{"embeddable":true,"href":"https:\/\/riclima.ch\/fr\/wp-json\/wp\/v2\/comments?post=8450"}],"version-history":[{"count":1,"href":"https:\/\/riclima.ch\/fr\/wp-json\/wp\/v2\/posts\/8450\/revisions"}],"predecessor-version":[{"id":8451,"href":"https:\/\/riclima.ch\/fr\/wp-json\/wp\/v2\/posts\/8450\/revisions\/8451"}],"wp:featuredmedia":[{"embeddable":true,"href":"https:\/\/riclima.ch\/fr\/wp-json\/wp\/v2\/media\/7082"}],"wp:attachment":[{"href":"https:\/\/riclima.ch\/fr\/wp-json\/wp\/v2\/media?parent=8450"}],"wp:term":[{"taxonomy":"category","embeddable":true,"href":"https:\/\/riclima.ch\/fr\/wp-json\/wp\/v2\/categories?post=8450"},{"taxonomy":"post_tag","embeddable":true,"href":"https:\/\/riclima.ch\/fr\/wp-json\/wp\/v2\/tags?post=8450"}],"curies":[{"name":"wp","href":"https:\/\/api.w.org\/{rel}","templated":true}]}}