{"id":8454,"date":"2020-06-17T18:50:00","date_gmt":"2020-06-17T16:50:00","guid":{"rendered":"https:\/\/staging001.wp-ok.it\/nuovelles-installations-chez-soho-flordis-international-switzerland-sa\/"},"modified":"2025-03-31T11:03:58","modified_gmt":"2025-03-31T09:03:58","slug":"nuovelles-installations-chez-soho-flordis-international-switzerland-sa","status":"publish","type":"post","link":"https:\/\/riclima.ch\/fr\/nuovelles-installations-chez-soho-flordis-international-switzerland-sa\/","title":{"rendered":"Nuovelles installations chez Soho Flordis International Switzerland SA"},"content":{"rendered":"\n<p>Une entreprise pharmaceutique bien connue de Lugano a remplac\u00e9 les unit\u00e9s de climatisation pour le refroidissement de l\u2019entrep\u00f4t et de la zone logistique.<\/p>\n\n<p>L\u2019objectif est de maintenir le mat\u00e9riel pharmaceutique pr\u00e9sent dans un grand entrep\u00f4t m\u00e9canis\u00e9 \u00e0 la bonne temp\u00e9rature, en assurant la continuit\u00e9 de service, la redondance et en am\u00e9liorant consid\u00e9rablement l\u2019efficacit\u00e9 \u00e9nerg\u00e9tique.<\/p>\n\n<p>Apr\u00e8s une conception soign\u00e9e, il a \u00e9t\u00e9 d\u00e9cid\u00e9 d\u2019installer 4 Roof Tops Clivet CSRN-XHE2 avec double section de ventilation pour la recirculation, l\u2019air frais, l\u2019expulsion et la r\u00e9cup\u00e9ration thermodynamique.<\/p>\n\n<p>Les unit\u00e9s permettent de contr\u00f4ler la temp\u00e9rature et l\u2019humidit\u00e9 tout au long de l\u2019ann\u00e9e.<\/p>\n\n<p>Le Roof Top agit sur la charge thermique globale g\u00e9n\u00e9r\u00e9e par l\u2019air ext\u00e9rieur et les charges ambiantes. La technologie de pompe \u00e0 chaleur r\u00e9versible convient \u00e9galement aux applications en climat froid. L\u2019appareil peut \u00e9galement contr\u00f4ler automatiquement l\u2019humidit\u00e9 relative dans la pi\u00e8ce desservie. En mode refroidissement, la fonction de d\u00e9shumidification peut \u00eatre compl\u00e9t\u00e9e par le dispositif de post-chauffage de r\u00e9cup\u00e9ration des gaz chauds et le r\u00e9glage FREE-COOLING.<\/p>\n\n<p>En mode chauffage, le pack d\u2019\u00e9vaporation augmente l\u2019humidit\u00e9 de l\u2019air fourni pour maintenir la valeur souhait\u00e9e dans la pi\u00e8ce.<\/p>\n\n<p>La logique de renouvellement automatique de l\u2019air :<\/p>\n\n<ul class=\"wp-block-list\">\n<li>Il effectue l\u2019activation transitoire en mode enti\u00e8rement recircul\u00e9, afin d\u2019en r\u00e9duire la dur\u00e9e et d\u2019acc\u00e9l\u00e9rer l\u2019atteinte des conditions de confort<\/li>\n\n\n\n<li>Une fois les conditions de fonctionnement atteintes, il fonctionne avec une ouverture fixe du registre, selon les r\u00e9glages pr\u00e9f\u00e9r\u00e9s de l\u2019utilisateur<\/li>\n\n\n\n<li>Effectue le FREE-COOLING d\u00e8s que les conditions ext\u00e9rieures le permettent<\/li>\n<\/ul>\n\n<p>Les unit\u00e9s disposent, dans la section de traitement, de filtres \u00e0 efficacit\u00e9 G4 avec une grande surface et une faible perte de charge.<\/p>\n\n<p>Comme deuxi\u00e8me \u00e9tape de filtration, il existe des filtres F7 \u00e0 haute efficacit\u00e9.<\/p>\n\n<p>Lorsque la zone est partiellement occup\u00e9e, moins d\u2019\u00e9change d\u2019air est suffisant. La sonde de qualit\u00e9 de l\u2019air, sensible au traceur de CO2, se situe au retour de l\u2019environnement desservi et d\u00e9termine automatiquement l\u2019ouverture du registre d\u2019air ext\u00e9rieur pour doser le bon renouvellement et \u00e9viter le gaspillage. De la m\u00eame mani\u00e8re, la sonde, qui est \u00e9galement sensible aux COV (Compos\u00e9s Organiques Volatils), agit \u00e9galement en pr\u00e9sence de formald\u00e9hyde (par exemple des solvants, des d\u00e9odorants, des colles, des peintures, des d\u00e9tergents, etc.).<\/p>\n\n<p>Les unit\u00e9s sont tr\u00e8s \u00e9conomes en \u00e9nergie, ce qui est possible gr\u00e2ce \u00e0 l\u2019utilisation d\u2019onduleurs sur les ventilateurs et \u00e0 l\u2019insertion progressive de 4 compresseurs de tailles diff\u00e9rentes sur 2 circuits de r\u00e9frig\u00e9ration qui garantissent une modularit\u00e9 exceptionnelle.<\/p>\n\n<p>En fait, la surface d\u2019\u00e9change de chaleur est dimensionn\u00e9e pour fonctionner \u00e0 pleine puissance. \u00c0 charge partielle, certains compresseurs s\u2019arr\u00eatent automatiquement. Dans ces conditions, les compresseurs en fonctionnement ont une surface beaucoup plus grande. En cons\u00e9quence, la temp\u00e9rature de condensation diminue et la temp\u00e9rature d\u2019\u00e9vaporation augmente. Cela r\u00e9duit la puissance absorb\u00e9e par les compresseurs par rapport \u00e0 la puissance et augmente ainsi l\u2019efficacit\u00e9 globale de la machine.<\/p>\n\n<p>Le type sp\u00e9cial de roue des ventilateurs offre une plage de fonctionnement plus large qu\u2019un ventilateur traditionnel \u00e0 pales avant. En cas de besoin, le ventilateur peut donc fournir des hauteurs de chute \u00e9lev\u00e9es simplement en faisant varier la vitesse. L\u2019\u00e9quilibrage pr\u00e9cis et les roulements autolubrifi\u00e9s garantissent la stabilit\u00e9 de rotation dans le temps. Le syst\u00e8me de ventilation global, compos\u00e9 d\u2019une roue et d\u2019un moteur, est donc tr\u00e8s polyvalent et efficace. La consommation est inf\u00e9rieure de 30 % \u00e0 celle du syst\u00e8me de ventilation de m\u00eame performance utilis\u00e9 par les unit\u00e9s traditionnelles disponibles sur le march\u00e9.<\/p>\n\n<p>Le d\u00e9bit de l\u2019air souffl\u00e9 varie en fonction de la charge thermique, jusqu\u2019\u00e0 une valeur minimale compatible avec le syst\u00e8me de distribution et de diffusion d\u2019air choisi.<\/p>\n\n<p>La ventilation reste active m\u00eame quand la charge est satisfaite (zone morte)<\/p>\n\n<ul class=\"wp-block-list\">\n<li>Le mouvement de l\u2019air est toujours actif pendant le fonctionnement des roof-tops<\/li>\n\n\n\n<li>Il en r\u00e9sulte une consommation annuelle d\u2019\u00e9nergie comparable, voire sup\u00e9rieure \u00e0 celle des compresseurs<\/li>\n\n\n\n<li>Une r\u00e9duction de 20 % du d\u00e9bit g\u00e9n\u00e8re une \u00e9conomie de 50 % sur l\u2019\u00e9nergie absorb\u00e9e par les ventilateurs<\/li>\n\n\n\n<li>Avec une r\u00e9duction de 40 % du d\u00e9bit, les \u00e9conomies de ventilation d\u00e9passent les 70%<\/li>\n\n\n\n<li>Le d\u00e9bit d\u2019air variable peut donc permettre une \u00e9conomie de 30% sur la consommation totale d\u2019\u00e9lectricit\u00e9 de l\u2019unit\u00e9<\/li>\n<\/ul>\n\n<p>Le r\u00e9gulateur de pression ambiante compare la pression de retour avec la pression ext\u00e9rieure et compense les variations \u00e9ventuelles en agissant sur le registre d\u2019air ext\u00e9rieur. L\u2019unit\u00e9 maintient ainsi l\u2019environnement \u00e0 la pression relative souhait\u00e9e par l\u2019utilisateur, qui peut choisir entre la surpression, le vide ou l\u2019\u00e9quipression.<\/p>\n\n<p>D\u00e8s que les conditions ext\u00e9rieures le permettent, l\u2019appareil est capable d\u2019activer automatiquement le mode FREE-COOLING, qui refroidit la pi\u00e8ce desservie en maintenant les compresseurs \u00e9teints et en introduisant de l\u2019air ext\u00e9rieur correctement filtr\u00e9. Ce mode de fonctionnement est particuli\u00e8rement utile \u00e0 la mi-saison et dans les applications avec des charges ambiantes \u00e9lev\u00e9es, car il permet de r\u00e9duire consid\u00e9rablement \u00e0 la fois la consommation d\u2019\u00e9nergie de l\u2019unit\u00e9 et l\u2019usure des compresseurs. Pour r\u00e9aliser un maximum d\u2019\u00e9conomies d\u2019\u00e9nergie, le mode FREE-COOLING est activ\u00e9 m\u00eame lorsqu\u2019il n\u2019est pas suffisant pour fournir toute la puissance requise. Dans ce cas, la puissance frigorifique d\u2019int\u00e9gration est assur\u00e9e par le refroidissement au moyen de compresseurs. \u00c0 faible charge, ou avec des temp\u00e9ratures d\u2019air ext\u00e9rieur basses, la puissance frigorifique en mode FREE-COOLING est r\u00e9gul\u00e9e en modulant le registre d\u2019air ext\u00e9rieur.<\/p>\n\n<p>Le renouvellement de l\u2019air dans les b\u00e2timents est essentiel pour contr\u00f4ler la qualit\u00e9 de l\u2019air et le confort. La manipulation et le traitement de l\u2019air ext\u00e9rieur g\u00e9n\u00e8rent des co\u00fbts suppl\u00e9mentaires dans la construction du syst\u00e8me et la consommation d\u2019\u00e9nergie au cours de sa dur\u00e9e de vie utile. Pour cette raison, les dispositifs de r\u00e9cup\u00e9ration d\u2019\u00e9nergie sur l\u2019air expuls\u00e9 sont largement utilis\u00e9s. Les r\u00e8gles et r\u00e9glementations locales r\u00e9gissent son application.<\/p>\n\n<p>Les unit\u00e9s sont \u00e9galement \u00e9quip\u00e9es d\u2019une r\u00e9cup\u00e9ration thermodynamique de l\u2019\u00e9nergie de l\u2019air expuls\u00e9 qui utilise la technologie du circuit frigorifique \u00e0 d\u00e9tente directe. L\u2019unit\u00e9 est \u00e9quip\u00e9e d\u2019une section de ventilateur d\u2019extraction \u00e0 commande \u00e9lectronique, qui ajuste automatiquement la quantit\u00e9 d\u2019air \u00e0 expulser.   Le flux d\u2019air expuls\u00e9 est achemin\u00e9 vers l\u2019\u00e9changeur de chaleur externe \u00e0 ailettes, qui est ainsi favoris\u00e9 thermiquement dans son cycle de fonctionnement. L\u2019\u00e9nergie r\u00e9cup\u00e9r\u00e9e est transf\u00e9r\u00e9e par l\u2019\u00e9changeur de traitement puis directement transf\u00e9r\u00e9e \u00e0 l\u2019air souffl\u00e9.<\/p>\n\n<p>Clivet participe au programme Eurovent Certification, un organisme europ\u00e9en reconnu qui v\u00e9rifie et certifie les performances des syst\u00e8mes de climatisation. Une garantie suppl\u00e9mentaire pour le client, en effet les tests Eurovent confirment les performances du produit et permettent une analyse pr\u00e9cise des co\u00fbts d\u2019exploitation : \u00ab Total Life Cycle Cost \u00bb. Les tests Eurovent sont effectu\u00e9s dans des laboratoires d\u2019essais certifi\u00e9s et suivent les normes europ\u00e9ennes requises pour le type de produit. Les normes suivantes s\u2019appliquent \u00e0 la performance des toits : EN 14511 : \u00ab Climatiseurs, refroidisseurs de liquide et pompes \u00e0 chaleur avec compresseurs \u00e9lectriques pour le chauffage et le refroidissement des locaux \u00bb. EN 12102 : \u00ab Climatiseurs, refroidisseurs de liquides, pompes \u00e0 chaleur et d\u00e9shumidificateurs \u00e0 compresseurs \u00e9lectriques, pour le chauffage et le refroidissement de ambiances, mesure du bruit a\u00e9rien \u2013 D\u00e9termination du niveau de puissance acoustique \u00bb.<\/p>\n\n<p>L\u2019installation des unit\u00e9s a \u00e9t\u00e9 r\u00e9alis\u00e9e par la soci\u00e9t\u00e9 Tech-Insta, qui a garanti avec un professionnalisme extr\u00eame la continuit\u00e9 des temp\u00e9ratures dans les pi\u00e8ces m\u00eame pendant le remplacement. La conception et la supervision de la construction sont l\u2019\u0153uvre de la soci\u00e9t\u00e9 d\u2019ing\u00e9nierie Visani Rusconi Talleri SA.<\/p>\n","protected":false},"excerpt":{"rendered":"<p>Une entreprise pharmaceutique bien connue de Lugano a remplac\u00e9 les unit\u00e9s de climatisation pour le refroidissement de l\u2019entrep\u00f4t et de la zone logistique. L\u2019objectif est de maintenir le mat\u00e9riel pharmaceutique pr\u00e9sent dans un grand entrep\u00f4t m\u00e9canis\u00e9 \u00e0 la bonne temp\u00e9rature, en assurant la continuit\u00e9 de service, la redondance et en am\u00e9liorant consid\u00e9rablement l\u2019efficacit\u00e9 \u00e9nerg\u00e9tique. Apr\u00e8s [&hellip;]<\/p>\n","protected":false},"author":2,"featured_media":7108,"comment_status":"open","ping_status":"open","sticky":false,"template":"","format":"standard","meta":{"_acf_changed":false,"footnotes":""},"categories":[79],"tags":[],"class_list":["post-8454","post","type-post","status-publish","format-standard","has-post-thumbnail","hentry","category-references"],"acf":[],"yoast_head":"<!-- This site is optimized with the Yoast SEO plugin v27.4 - https:\/\/yoast.com\/product\/yoast-seo-wordpress\/ -->\n<title>Nuovelles installations chez Soho Flordis International Switzerland SA - Riclima<\/title>\n<meta name=\"robots\" content=\"index, follow, max-snippet:-1, max-image-preview:large, max-video-preview:-1\" \/>\n<link rel=\"canonical\" href=\"https:\/\/riclima.ch\/fr\/nuovelles-installations-chez-soho-flordis-international-switzerland-sa\/\" \/>\n<meta property=\"og:locale\" content=\"fr_FR\" \/>\n<meta property=\"og:type\" content=\"article\" \/>\n<meta property=\"og:title\" content=\"Nuovelles installations chez Soho Flordis International Switzerland SA - Riclima\" \/>\n<meta property=\"og:description\" content=\"Une entreprise pharmaceutique bien connue de Lugano a remplac\u00e9 les unit\u00e9s de climatisation pour le refroidissement de l\u2019entrep\u00f4t et de la zone logistique. L\u2019objectif est de maintenir le mat\u00e9riel pharmaceutique pr\u00e9sent dans un grand entrep\u00f4t m\u00e9canis\u00e9 \u00e0 la bonne temp\u00e9rature, en assurant la continuit\u00e9 de service, la redondance et en am\u00e9liorant consid\u00e9rablement l\u2019efficacit\u00e9 \u00e9nerg\u00e9tique. Apr\u00e8s [&hellip;]\" \/>\n<meta property=\"og:url\" content=\"https:\/\/riclima.ch\/fr\/nuovelles-installations-chez-soho-flordis-international-switzerland-sa\/\" \/>\n<meta property=\"og:site_name\" content=\"Riclima\" \/>\n<meta property=\"article:published_time\" content=\"2020-06-17T16:50:00+00:00\" \/>\n<meta property=\"article:modified_time\" content=\"2025-03-31T09:03:58+00:00\" \/>\n<meta property=\"og:image\" content=\"https:\/\/riclima.ch\/wp-content\/uploads\/2021\/01\/sofo-floris-e1611078195759-scaled.jpg\" \/>\n\t<meta property=\"og:image:width\" content=\"2560\" \/>\n\t<meta property=\"og:image:height\" content=\"1920\" \/>\n\t<meta property=\"og:image:type\" content=\"image\/jpeg\" \/>\n<meta name=\"author\" content=\"Davidech\" \/>\n<script type=\"application\/ld+json\" class=\"yoast-schema-graph\">{\"@context\":\"https:\\\/\\\/schema.org\",\"@graph\":[{\"@type\":\"Article\",\"@id\":\"https:\\\/\\\/riclima.ch\\\/fr\\\/nuovelles-installations-chez-soho-flordis-international-switzerland-sa\\\/#article\",\"isPartOf\":{\"@id\":\"https:\\\/\\\/riclima.ch\\\/fr\\\/nuovelles-installations-chez-soho-flordis-international-switzerland-sa\\\/\"},\"author\":{\"name\":\"Davidech\",\"@id\":\"https:\\\/\\\/riclima.ch\\\/fr\\\/#\\\/schema\\\/person\\\/1f17c4141d000200d0ec223caf9bb578\"},\"headline\":\"Nuovelles installations chez Soho Flordis International Switzerland SA\",\"datePublished\":\"2020-06-17T16:50:00+00:00\",\"dateModified\":\"2025-03-31T09:03:58+00:00\",\"mainEntityOfPage\":{\"@id\":\"https:\\\/\\\/riclima.ch\\\/fr\\\/nuovelles-installations-chez-soho-flordis-international-switzerland-sa\\\/\"},\"wordCount\":1398,\"commentCount\":0,\"image\":{\"@id\":\"https:\\\/\\\/riclima.ch\\\/fr\\\/nuovelles-installations-chez-soho-flordis-international-switzerland-sa\\\/#primaryimage\"},\"thumbnailUrl\":\"https:\\\/\\\/riclima.ch\\\/wp-content\\\/uploads\\\/2021\\\/01\\\/sofo-floris-e1611078195759-scaled.jpg\",\"articleSection\":[\"R\u00e9f\u00e9rences\"],\"inLanguage\":\"fr-FR\",\"potentialAction\":[{\"@type\":\"CommentAction\",\"name\":\"Comment\",\"target\":[\"https:\\\/\\\/riclima.ch\\\/fr\\\/nuovelles-installations-chez-soho-flordis-international-switzerland-sa\\\/#respond\"]}]},{\"@type\":\"WebPage\",\"@id\":\"https:\\\/\\\/riclima.ch\\\/fr\\\/nuovelles-installations-chez-soho-flordis-international-switzerland-sa\\\/\",\"url\":\"https:\\\/\\\/riclima.ch\\\/fr\\\/nuovelles-installations-chez-soho-flordis-international-switzerland-sa\\\/\",\"name\":\"Nuovelles installations chez Soho Flordis International Switzerland SA - Riclima\",\"isPartOf\":{\"@id\":\"https:\\\/\\\/riclima.ch\\\/fr\\\/#website\"},\"primaryImageOfPage\":{\"@id\":\"https:\\\/\\\/riclima.ch\\\/fr\\\/nuovelles-installations-chez-soho-flordis-international-switzerland-sa\\\/#primaryimage\"},\"image\":{\"@id\":\"https:\\\/\\\/riclima.ch\\\/fr\\\/nuovelles-installations-chez-soho-flordis-international-switzerland-sa\\\/#primaryimage\"},\"thumbnailUrl\":\"https:\\\/\\\/riclima.ch\\\/wp-content\\\/uploads\\\/2021\\\/01\\\/sofo-floris-e1611078195759-scaled.jpg\",\"datePublished\":\"2020-06-17T16:50:00+00:00\",\"dateModified\":\"2025-03-31T09:03:58+00:00\",\"author\":{\"@id\":\"https:\\\/\\\/riclima.ch\\\/fr\\\/#\\\/schema\\\/person\\\/1f17c4141d000200d0ec223caf9bb578\"},\"breadcrumb\":{\"@id\":\"https:\\\/\\\/riclima.ch\\\/fr\\\/nuovelles-installations-chez-soho-flordis-international-switzerland-sa\\\/#breadcrumb\"},\"inLanguage\":\"fr-FR\",\"potentialAction\":[{\"@type\":\"ReadAction\",\"target\":[\"https:\\\/\\\/riclima.ch\\\/fr\\\/nuovelles-installations-chez-soho-flordis-international-switzerland-sa\\\/\"]}]},{\"@type\":\"ImageObject\",\"inLanguage\":\"fr-FR\",\"@id\":\"https:\\\/\\\/riclima.ch\\\/fr\\\/nuovelles-installations-chez-soho-flordis-international-switzerland-sa\\\/#primaryimage\",\"url\":\"https:\\\/\\\/riclima.ch\\\/wp-content\\\/uploads\\\/2021\\\/01\\\/sofo-floris-e1611078195759-scaled.jpg\",\"contentUrl\":\"https:\\\/\\\/riclima.ch\\\/wp-content\\\/uploads\\\/2021\\\/01\\\/sofo-floris-e1611078195759-scaled.jpg\",\"width\":2560,\"height\":1920},{\"@type\":\"BreadcrumbList\",\"@id\":\"https:\\\/\\\/riclima.ch\\\/fr\\\/nuovelles-installations-chez-soho-flordis-international-switzerland-sa\\\/#breadcrumb\",\"itemListElement\":[{\"@type\":\"ListItem\",\"position\":1,\"name\":\"Home\",\"item\":\"https:\\\/\\\/riclima.ch\\\/fr\\\/\"},{\"@type\":\"ListItem\",\"position\":2,\"name\":\"Nuovelles installations chez Soho Flordis International Switzerland SA\"}]},{\"@type\":\"WebSite\",\"@id\":\"https:\\\/\\\/riclima.ch\\\/fr\\\/#website\",\"url\":\"https:\\\/\\\/riclima.ch\\\/fr\\\/\",\"name\":\"Riclima\",\"description\":\"\",\"potentialAction\":[{\"@type\":\"SearchAction\",\"target\":{\"@type\":\"EntryPoint\",\"urlTemplate\":\"https:\\\/\\\/riclima.ch\\\/fr\\\/?s={search_term_string}\"},\"query-input\":{\"@type\":\"PropertyValueSpecification\",\"valueRequired\":true,\"valueName\":\"search_term_string\"}}],\"inLanguage\":\"fr-FR\"},{\"@type\":\"Person\",\"@id\":\"https:\\\/\\\/riclima.ch\\\/fr\\\/#\\\/schema\\\/person\\\/1f17c4141d000200d0ec223caf9bb578\",\"name\":\"Davidech\",\"image\":{\"@type\":\"ImageObject\",\"inLanguage\":\"fr-FR\",\"@id\":\"https:\\\/\\\/secure.gravatar.com\\\/avatar\\\/82a9646b294d15eca13ed42f9d3328c3c0ddbab7bf38a14db82fd470e3f58209?s=96&d=mm&r=g\",\"url\":\"https:\\\/\\\/secure.gravatar.com\\\/avatar\\\/82a9646b294d15eca13ed42f9d3328c3c0ddbab7bf38a14db82fd470e3f58209?s=96&d=mm&r=g\",\"contentUrl\":\"https:\\\/\\\/secure.gravatar.com\\\/avatar\\\/82a9646b294d15eca13ed42f9d3328c3c0ddbab7bf38a14db82fd470e3f58209?s=96&d=mm&r=g\",\"caption\":\"Davidech\"},\"url\":\"https:\\\/\\\/riclima.ch\\\/fr\\\/author\\\/davidech\\\/\"}]}<\/script>\n<!-- \/ Yoast SEO plugin. -->","yoast_head_json":{"title":"Nuovelles installations chez Soho Flordis International Switzerland SA - Riclima","robots":{"index":"index","follow":"follow","max-snippet":"max-snippet:-1","max-image-preview":"max-image-preview:large","max-video-preview":"max-video-preview:-1"},"canonical":"https:\/\/riclima.ch\/fr\/nuovelles-installations-chez-soho-flordis-international-switzerland-sa\/","og_locale":"fr_FR","og_type":"article","og_title":"Nuovelles installations chez Soho Flordis International Switzerland SA - Riclima","og_description":"Une entreprise pharmaceutique bien connue de Lugano a remplac\u00e9 les unit\u00e9s de climatisation pour le refroidissement de l\u2019entrep\u00f4t et de la zone logistique. L\u2019objectif est de maintenir le mat\u00e9riel pharmaceutique pr\u00e9sent dans un grand entrep\u00f4t m\u00e9canis\u00e9 \u00e0 la bonne temp\u00e9rature, en assurant la continuit\u00e9 de service, la redondance et en am\u00e9liorant consid\u00e9rablement l\u2019efficacit\u00e9 \u00e9nerg\u00e9tique. Apr\u00e8s [&hellip;]","og_url":"https:\/\/riclima.ch\/fr\/nuovelles-installations-chez-soho-flordis-international-switzerland-sa\/","og_site_name":"Riclima","article_published_time":"2020-06-17T16:50:00+00:00","article_modified_time":"2025-03-31T09:03:58+00:00","og_image":[{"width":2560,"height":1920,"url":"https:\/\/riclima.ch\/wp-content\/uploads\/2021\/01\/sofo-floris-e1611078195759-scaled.jpg","type":"image\/jpeg"}],"author":"Davidech","schema":{"@context":"https:\/\/schema.org","@graph":[{"@type":"Article","@id":"https:\/\/riclima.ch\/fr\/nuovelles-installations-chez-soho-flordis-international-switzerland-sa\/#article","isPartOf":{"@id":"https:\/\/riclima.ch\/fr\/nuovelles-installations-chez-soho-flordis-international-switzerland-sa\/"},"author":{"name":"Davidech","@id":"https:\/\/riclima.ch\/fr\/#\/schema\/person\/1f17c4141d000200d0ec223caf9bb578"},"headline":"Nuovelles installations chez Soho Flordis International Switzerland SA","datePublished":"2020-06-17T16:50:00+00:00","dateModified":"2025-03-31T09:03:58+00:00","mainEntityOfPage":{"@id":"https:\/\/riclima.ch\/fr\/nuovelles-installations-chez-soho-flordis-international-switzerland-sa\/"},"wordCount":1398,"commentCount":0,"image":{"@id":"https:\/\/riclima.ch\/fr\/nuovelles-installations-chez-soho-flordis-international-switzerland-sa\/#primaryimage"},"thumbnailUrl":"https:\/\/riclima.ch\/wp-content\/uploads\/2021\/01\/sofo-floris-e1611078195759-scaled.jpg","articleSection":["R\u00e9f\u00e9rences"],"inLanguage":"fr-FR","potentialAction":[{"@type":"CommentAction","name":"Comment","target":["https:\/\/riclima.ch\/fr\/nuovelles-installations-chez-soho-flordis-international-switzerland-sa\/#respond"]}]},{"@type":"WebPage","@id":"https:\/\/riclima.ch\/fr\/nuovelles-installations-chez-soho-flordis-international-switzerland-sa\/","url":"https:\/\/riclima.ch\/fr\/nuovelles-installations-chez-soho-flordis-international-switzerland-sa\/","name":"Nuovelles installations chez Soho Flordis International Switzerland SA - Riclima","isPartOf":{"@id":"https:\/\/riclima.ch\/fr\/#website"},"primaryImageOfPage":{"@id":"https:\/\/riclima.ch\/fr\/nuovelles-installations-chez-soho-flordis-international-switzerland-sa\/#primaryimage"},"image":{"@id":"https:\/\/riclima.ch\/fr\/nuovelles-installations-chez-soho-flordis-international-switzerland-sa\/#primaryimage"},"thumbnailUrl":"https:\/\/riclima.ch\/wp-content\/uploads\/2021\/01\/sofo-floris-e1611078195759-scaled.jpg","datePublished":"2020-06-17T16:50:00+00:00","dateModified":"2025-03-31T09:03:58+00:00","author":{"@id":"https:\/\/riclima.ch\/fr\/#\/schema\/person\/1f17c4141d000200d0ec223caf9bb578"},"breadcrumb":{"@id":"https:\/\/riclima.ch\/fr\/nuovelles-installations-chez-soho-flordis-international-switzerland-sa\/#breadcrumb"},"inLanguage":"fr-FR","potentialAction":[{"@type":"ReadAction","target":["https:\/\/riclima.ch\/fr\/nuovelles-installations-chez-soho-flordis-international-switzerland-sa\/"]}]},{"@type":"ImageObject","inLanguage":"fr-FR","@id":"https:\/\/riclima.ch\/fr\/nuovelles-installations-chez-soho-flordis-international-switzerland-sa\/#primaryimage","url":"https:\/\/riclima.ch\/wp-content\/uploads\/2021\/01\/sofo-floris-e1611078195759-scaled.jpg","contentUrl":"https:\/\/riclima.ch\/wp-content\/uploads\/2021\/01\/sofo-floris-e1611078195759-scaled.jpg","width":2560,"height":1920},{"@type":"BreadcrumbList","@id":"https:\/\/riclima.ch\/fr\/nuovelles-installations-chez-soho-flordis-international-switzerland-sa\/#breadcrumb","itemListElement":[{"@type":"ListItem","position":1,"name":"Home","item":"https:\/\/riclima.ch\/fr\/"},{"@type":"ListItem","position":2,"name":"Nuovelles installations chez Soho Flordis International Switzerland SA"}]},{"@type":"WebSite","@id":"https:\/\/riclima.ch\/fr\/#website","url":"https:\/\/riclima.ch\/fr\/","name":"Riclima","description":"","potentialAction":[{"@type":"SearchAction","target":{"@type":"EntryPoint","urlTemplate":"https:\/\/riclima.ch\/fr\/?s={search_term_string}"},"query-input":{"@type":"PropertyValueSpecification","valueRequired":true,"valueName":"search_term_string"}}],"inLanguage":"fr-FR"},{"@type":"Person","@id":"https:\/\/riclima.ch\/fr\/#\/schema\/person\/1f17c4141d000200d0ec223caf9bb578","name":"Davidech","image":{"@type":"ImageObject","inLanguage":"fr-FR","@id":"https:\/\/secure.gravatar.com\/avatar\/82a9646b294d15eca13ed42f9d3328c3c0ddbab7bf38a14db82fd470e3f58209?s=96&d=mm&r=g","url":"https:\/\/secure.gravatar.com\/avatar\/82a9646b294d15eca13ed42f9d3328c3c0ddbab7bf38a14db82fd470e3f58209?s=96&d=mm&r=g","contentUrl":"https:\/\/secure.gravatar.com\/avatar\/82a9646b294d15eca13ed42f9d3328c3c0ddbab7bf38a14db82fd470e3f58209?s=96&d=mm&r=g","caption":"Davidech"},"url":"https:\/\/riclima.ch\/fr\/author\/davidech\/"}]}},"_links":{"self":[{"href":"https:\/\/riclima.ch\/fr\/wp-json\/wp\/v2\/posts\/8454","targetHints":{"allow":["GET"]}}],"collection":[{"href":"https:\/\/riclima.ch\/fr\/wp-json\/wp\/v2\/posts"}],"about":[{"href":"https:\/\/riclima.ch\/fr\/wp-json\/wp\/v2\/types\/post"}],"author":[{"embeddable":true,"href":"https:\/\/riclima.ch\/fr\/wp-json\/wp\/v2\/users\/2"}],"replies":[{"embeddable":true,"href":"https:\/\/riclima.ch\/fr\/wp-json\/wp\/v2\/comments?post=8454"}],"version-history":[{"count":1,"href":"https:\/\/riclima.ch\/fr\/wp-json\/wp\/v2\/posts\/8454\/revisions"}],"predecessor-version":[{"id":8455,"href":"https:\/\/riclima.ch\/fr\/wp-json\/wp\/v2\/posts\/8454\/revisions\/8455"}],"wp:featuredmedia":[{"embeddable":true,"href":"https:\/\/riclima.ch\/fr\/wp-json\/wp\/v2\/media\/7108"}],"wp:attachment":[{"href":"https:\/\/riclima.ch\/fr\/wp-json\/wp\/v2\/media?parent=8454"}],"wp:term":[{"taxonomy":"category","embeddable":true,"href":"https:\/\/riclima.ch\/fr\/wp-json\/wp\/v2\/categories?post=8454"},{"taxonomy":"post_tag","embeddable":true,"href":"https:\/\/riclima.ch\/fr\/wp-json\/wp\/v2\/tags?post=8454"}],"curies":[{"name":"wp","href":"https:\/\/api.w.org\/{rel}","templated":true}]}}