{"id":9176,"date":"2025-04-29T14:23:37","date_gmt":"2025-04-29T12:23:37","guid":{"rendered":"https:\/\/staging001.wp-ok.it\/hotel-du-centre-ville-de-zurich\/"},"modified":"2025-05-12T15:38:53","modified_gmt":"2025-05-12T13:38:53","slug":"hotel-du-centre-ville-de-zurich","status":"publish","type":"post","link":"https:\/\/riclima.ch\/fr\/hotel-du-centre-ville-de-zurich\/","title":{"rendered":"H\u00f4tel du centre-ville de Zurich"},"content":{"rendered":"\n<p>Pour une grande cha\u00eene h\u00f4teli\u00e8re suisse, Riclima a fourni l&rsquo;ensemble du syst\u00e8me CVC compos\u00e9 de pompes \u00e0 chaleur, d&rsquo;unit\u00e9s de traitement de l&rsquo;air et de ventilo-convecteurs. Le syst\u00e8me est compos\u00e9 comme suit: 1 pompe \u00e0 chaleur air\/eau r\u00e9versible pour installation int\u00e9rieure avec canalisation (Clivet ELFOENERGY DUCT MEDIUM, mod\u00e8le WSN-XEE, capacit\u00e9 de chauffage 93 kW, capacit\u00e9 de refroidissement 75 kW) ; 1 pompe \u00e0 chaleur haute temp\u00e9rature \u00e0 condensation par eau pour installation int\u00e9rieure (Clivet ELFOENERGY GROUND MEDIUM, mod\u00e8le WSHH-LEE1, puissance de chauffage 80 kW) ; 44 ventilo-convecteurs pour installation murale (Clivet MOOD, mod\u00e8le CFW-2) ; 1 centrale de traitement d&rsquo;air d&rsquo;un d\u00e9bit de 3000 m3\/h (Daikin Applied, AHU Professional).<\/p>\n\n<iframe title=\"City Pop Zurich\" width=\"800\" height=\"450\" src=\"https:\/\/www.youtube.com\/embed\/GlmLFMdf7h8?feature=oembed\" frameborder=\"0\" allow=\"accelerometer; autoplay; clipboard-write; encrypted-media; gyroscope; picture-in-picture; web-share\" referrerpolicy=\"strict-origin-when-cross-origin\" allowfullscreen><\/iframe>\n\n<figure class=\"wp-block-image size-full\"><img fetchpriority=\"high\" decoding=\"async\" width=\"1200\" height=\"675\" src=\"https:\/\/riclima.ch\/wp-content\/uploads\/2025\/03\/RiCLIMA_PAG3891.jpg\" alt=\"\" class=\"wp-image-9215\" srcset=\"https:\/\/riclima.ch\/wp-content\/uploads\/2025\/03\/RiCLIMA_PAG3891.jpg 1200w, https:\/\/riclima.ch\/wp-content\/uploads\/2025\/03\/RiCLIMA_PAG3891-300x169.jpg 300w, https:\/\/riclima.ch\/wp-content\/uploads\/2025\/03\/RiCLIMA_PAG3891-1024x576.jpg 1024w, https:\/\/riclima.ch\/wp-content\/uploads\/2025\/03\/RiCLIMA_PAG3891-768x432.jpg 768w\" sizes=\"(max-width: 1200px) 100vw, 1200px\" \/><\/figure>\n\n<figure class=\"wp-block-image size-full\"><img decoding=\"async\" width=\"1920\" height=\"1280\" src=\"https:\/\/riclima.ch\/wp-content\/uploads\/2025\/03\/RiCLIMA_PAG3916.jpg\" alt=\"\" class=\"wp-image-9209\" srcset=\"https:\/\/riclima.ch\/wp-content\/uploads\/2025\/03\/RiCLIMA_PAG3916.jpg 1920w, https:\/\/riclima.ch\/wp-content\/uploads\/2025\/03\/RiCLIMA_PAG3916-300x200.jpg 300w, https:\/\/riclima.ch\/wp-content\/uploads\/2025\/03\/RiCLIMA_PAG3916-1024x683.jpg 1024w, https:\/\/riclima.ch\/wp-content\/uploads\/2025\/03\/RiCLIMA_PAG3916-768x512.jpg 768w, https:\/\/riclima.ch\/wp-content\/uploads\/2025\/03\/RiCLIMA_PAG3916-1536x1024.jpg 1536w\" sizes=\"(max-width: 1920px) 100vw, 1920px\" \/><\/figure>\n","protected":false},"excerpt":{"rendered":"<p>Pour une grande cha\u00eene h\u00f4teli\u00e8re suisse, Riclima a fourni l&rsquo;ensemble du syst\u00e8me CVC compos\u00e9 de pompes \u00e0 chaleur, d&rsquo;unit\u00e9s de traitement de l&rsquo;air et de ventilo-convecteurs. Le syst\u00e8me est compos\u00e9 comme suit: 1 pompe \u00e0 chaleur air\/eau r\u00e9versible pour installation int\u00e9rieure avec canalisation (Clivet ELFOENERGY DUCT MEDIUM, mod\u00e8le WSN-XEE, capacit\u00e9 de chauffage 93 kW, capacit\u00e9 [&hellip;]<\/p>\n","protected":false},"author":5,"featured_media":9220,"comment_status":"open","ping_status":"open","sticky":false,"template":"","format":"standard","meta":{"_acf_changed":false,"footnotes":""},"categories":[79],"tags":[],"class_list":["post-9176","post","type-post","status-publish","format-standard","has-post-thumbnail","hentry","category-references"],"acf":[],"yoast_head":"<!-- This site is optimized with the Yoast SEO plugin v27.4 - https:\/\/yoast.com\/product\/yoast-seo-wordpress\/ -->\n<title>H\u00f4tel du centre-ville de Zurich - Riclima<\/title>\n<meta name=\"robots\" content=\"index, follow, max-snippet:-1, max-image-preview:large, max-video-preview:-1\" \/>\n<link rel=\"canonical\" href=\"https:\/\/riclima.ch\/fr\/hotel-du-centre-ville-de-zurich\/\" \/>\n<meta property=\"og:locale\" content=\"fr_FR\" \/>\n<meta property=\"og:type\" content=\"article\" \/>\n<meta property=\"og:title\" content=\"H\u00f4tel du centre-ville de Zurich - Riclima\" \/>\n<meta property=\"og:description\" content=\"Pour une grande cha\u00eene h\u00f4teli\u00e8re suisse, Riclima a fourni l&rsquo;ensemble du syst\u00e8me CVC compos\u00e9 de pompes \u00e0 chaleur, d&rsquo;unit\u00e9s de traitement de l&rsquo;air et de ventilo-convecteurs. Le syst\u00e8me est compos\u00e9 comme suit: 1 pompe \u00e0 chaleur air\/eau r\u00e9versible pour installation int\u00e9rieure avec canalisation (Clivet ELFOENERGY DUCT MEDIUM, mod\u00e8le WSN-XEE, capacit\u00e9 de chauffage 93 kW, capacit\u00e9 [&hellip;]\" \/>\n<meta property=\"og:url\" content=\"https:\/\/riclima.ch\/fr\/hotel-du-centre-ville-de-zurich\/\" \/>\n<meta property=\"og:site_name\" content=\"Riclima\" \/>\n<meta property=\"article:published_time\" content=\"2025-04-29T12:23:37+00:00\" \/>\n<meta property=\"article:modified_time\" content=\"2025-05-12T13:38:53+00:00\" \/>\n<meta property=\"og:image\" content=\"https:\/\/riclima.ch\/wp-content\/uploads\/2025\/03\/RiCLIMA_PAG3885.jpg\" \/>\n\t<meta property=\"og:image:width\" content=\"1200\" \/>\n\t<meta property=\"og:image:height\" content=\"800\" \/>\n\t<meta property=\"og:image:type\" content=\"image\/jpeg\" \/>\n<meta name=\"author\" content=\"Davide Trentin\" \/>\n<script type=\"application\/ld+json\" class=\"yoast-schema-graph\">{\"@context\":\"https:\\\/\\\/schema.org\",\"@graph\":[{\"@type\":\"Article\",\"@id\":\"https:\\\/\\\/riclima.ch\\\/fr\\\/hotel-du-centre-ville-de-zurich\\\/#article\",\"isPartOf\":{\"@id\":\"https:\\\/\\\/riclima.ch\\\/fr\\\/hotel-du-centre-ville-de-zurich\\\/\"},\"author\":{\"name\":\"Davide Trentin\",\"@id\":\"https:\\\/\\\/riclima.ch\\\/fr\\\/#\\\/schema\\\/person\\\/40894641f0981e49ebe9137d7655583c\"},\"headline\":\"H\u00f4tel du centre-ville de Zurich\",\"datePublished\":\"2025-04-29T12:23:37+00:00\",\"dateModified\":\"2025-05-12T13:38:53+00:00\",\"mainEntityOfPage\":{\"@id\":\"https:\\\/\\\/riclima.ch\\\/fr\\\/hotel-du-centre-ville-de-zurich\\\/\"},\"wordCount\":129,\"commentCount\":0,\"image\":{\"@id\":\"https:\\\/\\\/riclima.ch\\\/fr\\\/hotel-du-centre-ville-de-zurich\\\/#primaryimage\"},\"thumbnailUrl\":\"https:\\\/\\\/riclima.ch\\\/wp-content\\\/uploads\\\/2025\\\/03\\\/RiCLIMA_PAG3885.jpg\",\"articleSection\":[\"R\u00e9f\u00e9rences\"],\"inLanguage\":\"fr-FR\",\"potentialAction\":[{\"@type\":\"CommentAction\",\"name\":\"Comment\",\"target\":[\"https:\\\/\\\/riclima.ch\\\/fr\\\/hotel-du-centre-ville-de-zurich\\\/#respond\"]}]},{\"@type\":\"WebPage\",\"@id\":\"https:\\\/\\\/riclima.ch\\\/fr\\\/hotel-du-centre-ville-de-zurich\\\/\",\"url\":\"https:\\\/\\\/riclima.ch\\\/fr\\\/hotel-du-centre-ville-de-zurich\\\/\",\"name\":\"H\u00f4tel du centre-ville de Zurich - Riclima\",\"isPartOf\":{\"@id\":\"https:\\\/\\\/riclima.ch\\\/fr\\\/#website\"},\"primaryImageOfPage\":{\"@id\":\"https:\\\/\\\/riclima.ch\\\/fr\\\/hotel-du-centre-ville-de-zurich\\\/#primaryimage\"},\"image\":{\"@id\":\"https:\\\/\\\/riclima.ch\\\/fr\\\/hotel-du-centre-ville-de-zurich\\\/#primaryimage\"},\"thumbnailUrl\":\"https:\\\/\\\/riclima.ch\\\/wp-content\\\/uploads\\\/2025\\\/03\\\/RiCLIMA_PAG3885.jpg\",\"datePublished\":\"2025-04-29T12:23:37+00:00\",\"dateModified\":\"2025-05-12T13:38:53+00:00\",\"author\":{\"@id\":\"https:\\\/\\\/riclima.ch\\\/fr\\\/#\\\/schema\\\/person\\\/40894641f0981e49ebe9137d7655583c\"},\"breadcrumb\":{\"@id\":\"https:\\\/\\\/riclima.ch\\\/fr\\\/hotel-du-centre-ville-de-zurich\\\/#breadcrumb\"},\"inLanguage\":\"fr-FR\",\"potentialAction\":[{\"@type\":\"ReadAction\",\"target\":[\"https:\\\/\\\/riclima.ch\\\/fr\\\/hotel-du-centre-ville-de-zurich\\\/\"]}]},{\"@type\":\"ImageObject\",\"inLanguage\":\"fr-FR\",\"@id\":\"https:\\\/\\\/riclima.ch\\\/fr\\\/hotel-du-centre-ville-de-zurich\\\/#primaryimage\",\"url\":\"https:\\\/\\\/riclima.ch\\\/wp-content\\\/uploads\\\/2025\\\/03\\\/RiCLIMA_PAG3885.jpg\",\"contentUrl\":\"https:\\\/\\\/riclima.ch\\\/wp-content\\\/uploads\\\/2025\\\/03\\\/RiCLIMA_PAG3885.jpg\",\"width\":1200,\"height\":800},{\"@type\":\"BreadcrumbList\",\"@id\":\"https:\\\/\\\/riclima.ch\\\/fr\\\/hotel-du-centre-ville-de-zurich\\\/#breadcrumb\",\"itemListElement\":[{\"@type\":\"ListItem\",\"position\":1,\"name\":\"Home\",\"item\":\"https:\\\/\\\/riclima.ch\\\/fr\\\/\"},{\"@type\":\"ListItem\",\"position\":2,\"name\":\"H\u00f4tel du centre-ville de Zurich\"}]},{\"@type\":\"WebSite\",\"@id\":\"https:\\\/\\\/riclima.ch\\\/fr\\\/#website\",\"url\":\"https:\\\/\\\/riclima.ch\\\/fr\\\/\",\"name\":\"Riclima\",\"description\":\"\",\"potentialAction\":[{\"@type\":\"SearchAction\",\"target\":{\"@type\":\"EntryPoint\",\"urlTemplate\":\"https:\\\/\\\/riclima.ch\\\/fr\\\/?s={search_term_string}\"},\"query-input\":{\"@type\":\"PropertyValueSpecification\",\"valueRequired\":true,\"valueName\":\"search_term_string\"}}],\"inLanguage\":\"fr-FR\"},{\"@type\":\"Person\",\"@id\":\"https:\\\/\\\/riclima.ch\\\/fr\\\/#\\\/schema\\\/person\\\/40894641f0981e49ebe9137d7655583c\",\"name\":\"Davide Trentin\",\"image\":{\"@type\":\"ImageObject\",\"inLanguage\":\"fr-FR\",\"@id\":\"https:\\\/\\\/secure.gravatar.com\\\/avatar\\\/a863d33dc56147e197a483503512dc11d6752ecf6786572b1a19bc8dd13bc895?s=96&d=mm&r=g\",\"url\":\"https:\\\/\\\/secure.gravatar.com\\\/avatar\\\/a863d33dc56147e197a483503512dc11d6752ecf6786572b1a19bc8dd13bc895?s=96&d=mm&r=g\",\"contentUrl\":\"https:\\\/\\\/secure.gravatar.com\\\/avatar\\\/a863d33dc56147e197a483503512dc11d6752ecf6786572b1a19bc8dd13bc895?s=96&d=mm&r=g\",\"caption\":\"Davide Trentin\"},\"url\":\"https:\\\/\\\/riclima.ch\\\/fr\\\/author\\\/trentin\\\/\"}]}<\/script>\n<!-- \/ Yoast SEO plugin. -->","yoast_head_json":{"title":"H\u00f4tel du centre-ville de Zurich - Riclima","robots":{"index":"index","follow":"follow","max-snippet":"max-snippet:-1","max-image-preview":"max-image-preview:large","max-video-preview":"max-video-preview:-1"},"canonical":"https:\/\/riclima.ch\/fr\/hotel-du-centre-ville-de-zurich\/","og_locale":"fr_FR","og_type":"article","og_title":"H\u00f4tel du centre-ville de Zurich - Riclima","og_description":"Pour une grande cha\u00eene h\u00f4teli\u00e8re suisse, Riclima a fourni l&rsquo;ensemble du syst\u00e8me CVC compos\u00e9 de pompes \u00e0 chaleur, d&rsquo;unit\u00e9s de traitement de l&rsquo;air et de ventilo-convecteurs. Le syst\u00e8me est compos\u00e9 comme suit: 1 pompe \u00e0 chaleur air\/eau r\u00e9versible pour installation int\u00e9rieure avec canalisation (Clivet ELFOENERGY DUCT MEDIUM, mod\u00e8le WSN-XEE, capacit\u00e9 de chauffage 93 kW, capacit\u00e9 [&hellip;]","og_url":"https:\/\/riclima.ch\/fr\/hotel-du-centre-ville-de-zurich\/","og_site_name":"Riclima","article_published_time":"2025-04-29T12:23:37+00:00","article_modified_time":"2025-05-12T13:38:53+00:00","og_image":[{"width":1200,"height":800,"url":"https:\/\/riclima.ch\/wp-content\/uploads\/2025\/03\/RiCLIMA_PAG3885.jpg","type":"image\/jpeg"}],"author":"Davide Trentin","schema":{"@context":"https:\/\/schema.org","@graph":[{"@type":"Article","@id":"https:\/\/riclima.ch\/fr\/hotel-du-centre-ville-de-zurich\/#article","isPartOf":{"@id":"https:\/\/riclima.ch\/fr\/hotel-du-centre-ville-de-zurich\/"},"author":{"name":"Davide Trentin","@id":"https:\/\/riclima.ch\/fr\/#\/schema\/person\/40894641f0981e49ebe9137d7655583c"},"headline":"H\u00f4tel du centre-ville de Zurich","datePublished":"2025-04-29T12:23:37+00:00","dateModified":"2025-05-12T13:38:53+00:00","mainEntityOfPage":{"@id":"https:\/\/riclima.ch\/fr\/hotel-du-centre-ville-de-zurich\/"},"wordCount":129,"commentCount":0,"image":{"@id":"https:\/\/riclima.ch\/fr\/hotel-du-centre-ville-de-zurich\/#primaryimage"},"thumbnailUrl":"https:\/\/riclima.ch\/wp-content\/uploads\/2025\/03\/RiCLIMA_PAG3885.jpg","articleSection":["R\u00e9f\u00e9rences"],"inLanguage":"fr-FR","potentialAction":[{"@type":"CommentAction","name":"Comment","target":["https:\/\/riclima.ch\/fr\/hotel-du-centre-ville-de-zurich\/#respond"]}]},{"@type":"WebPage","@id":"https:\/\/riclima.ch\/fr\/hotel-du-centre-ville-de-zurich\/","url":"https:\/\/riclima.ch\/fr\/hotel-du-centre-ville-de-zurich\/","name":"H\u00f4tel du centre-ville de Zurich - Riclima","isPartOf":{"@id":"https:\/\/riclima.ch\/fr\/#website"},"primaryImageOfPage":{"@id":"https:\/\/riclima.ch\/fr\/hotel-du-centre-ville-de-zurich\/#primaryimage"},"image":{"@id":"https:\/\/riclima.ch\/fr\/hotel-du-centre-ville-de-zurich\/#primaryimage"},"thumbnailUrl":"https:\/\/riclima.ch\/wp-content\/uploads\/2025\/03\/RiCLIMA_PAG3885.jpg","datePublished":"2025-04-29T12:23:37+00:00","dateModified":"2025-05-12T13:38:53+00:00","author":{"@id":"https:\/\/riclima.ch\/fr\/#\/schema\/person\/40894641f0981e49ebe9137d7655583c"},"breadcrumb":{"@id":"https:\/\/riclima.ch\/fr\/hotel-du-centre-ville-de-zurich\/#breadcrumb"},"inLanguage":"fr-FR","potentialAction":[{"@type":"ReadAction","target":["https:\/\/riclima.ch\/fr\/hotel-du-centre-ville-de-zurich\/"]}]},{"@type":"ImageObject","inLanguage":"fr-FR","@id":"https:\/\/riclima.ch\/fr\/hotel-du-centre-ville-de-zurich\/#primaryimage","url":"https:\/\/riclima.ch\/wp-content\/uploads\/2025\/03\/RiCLIMA_PAG3885.jpg","contentUrl":"https:\/\/riclima.ch\/wp-content\/uploads\/2025\/03\/RiCLIMA_PAG3885.jpg","width":1200,"height":800},{"@type":"BreadcrumbList","@id":"https:\/\/riclima.ch\/fr\/hotel-du-centre-ville-de-zurich\/#breadcrumb","itemListElement":[{"@type":"ListItem","position":1,"name":"Home","item":"https:\/\/riclima.ch\/fr\/"},{"@type":"ListItem","position":2,"name":"H\u00f4tel du centre-ville de Zurich"}]},{"@type":"WebSite","@id":"https:\/\/riclima.ch\/fr\/#website","url":"https:\/\/riclima.ch\/fr\/","name":"Riclima","description":"","potentialAction":[{"@type":"SearchAction","target":{"@type":"EntryPoint","urlTemplate":"https:\/\/riclima.ch\/fr\/?s={search_term_string}"},"query-input":{"@type":"PropertyValueSpecification","valueRequired":true,"valueName":"search_term_string"}}],"inLanguage":"fr-FR"},{"@type":"Person","@id":"https:\/\/riclima.ch\/fr\/#\/schema\/person\/40894641f0981e49ebe9137d7655583c","name":"Davide Trentin","image":{"@type":"ImageObject","inLanguage":"fr-FR","@id":"https:\/\/secure.gravatar.com\/avatar\/a863d33dc56147e197a483503512dc11d6752ecf6786572b1a19bc8dd13bc895?s=96&d=mm&r=g","url":"https:\/\/secure.gravatar.com\/avatar\/a863d33dc56147e197a483503512dc11d6752ecf6786572b1a19bc8dd13bc895?s=96&d=mm&r=g","contentUrl":"https:\/\/secure.gravatar.com\/avatar\/a863d33dc56147e197a483503512dc11d6752ecf6786572b1a19bc8dd13bc895?s=96&d=mm&r=g","caption":"Davide Trentin"},"url":"https:\/\/riclima.ch\/fr\/author\/trentin\/"}]}},"_links":{"self":[{"href":"https:\/\/riclima.ch\/fr\/wp-json\/wp\/v2\/posts\/9176","targetHints":{"allow":["GET"]}}],"collection":[{"href":"https:\/\/riclima.ch\/fr\/wp-json\/wp\/v2\/posts"}],"about":[{"href":"https:\/\/riclima.ch\/fr\/wp-json\/wp\/v2\/types\/post"}],"author":[{"embeddable":true,"href":"https:\/\/riclima.ch\/fr\/wp-json\/wp\/v2\/users\/5"}],"replies":[{"embeddable":true,"href":"https:\/\/riclima.ch\/fr\/wp-json\/wp\/v2\/comments?post=9176"}],"version-history":[{"count":4,"href":"https:\/\/riclima.ch\/fr\/wp-json\/wp\/v2\/posts\/9176\/revisions"}],"predecessor-version":[{"id":9224,"href":"https:\/\/riclima.ch\/fr\/wp-json\/wp\/v2\/posts\/9176\/revisions\/9224"}],"wp:featuredmedia":[{"embeddable":true,"href":"https:\/\/riclima.ch\/fr\/wp-json\/wp\/v2\/media\/9220"}],"wp:attachment":[{"href":"https:\/\/riclima.ch\/fr\/wp-json\/wp\/v2\/media?parent=9176"}],"wp:term":[{"taxonomy":"category","embeddable":true,"href":"https:\/\/riclima.ch\/fr\/wp-json\/wp\/v2\/categories?post=9176"},{"taxonomy":"post_tag","embeddable":true,"href":"https:\/\/riclima.ch\/fr\/wp-json\/wp\/v2\/tags?post=9176"}],"curies":[{"name":"wp","href":"https:\/\/api.w.org\/{rel}","templated":true}]}}